{"id":64083,"date":"2014-12-23T09:09:54","date_gmt":"2014-12-23T11:09:54","guid":{"rendered":"http:\/\/www.redenoticia.com.br\/noticia\/?p=64083"},"modified":"2014-12-23T09:09:54","modified_gmt":"2014-12-23T11:09:54","slug":"funcionamento-dos-servicos-publicos-sp-na-semana-do-natal-e-do-ano-novo","status":"publish","type":"post","link":"https:\/\/www.redenoticia.com.br\/noticia\/2014\/funcionamento-dos-servicos-publicos-sp-na-semana-do-natal-e-do-ano-novo\/64083","title":{"rendered":"Funcionamento dos servi\u00e7os p\u00fablicos SP na semana do Natal e do Ano Novo"},"content":{"rendered":"<p>Na semana do <strong><em>Natal e do Ano Novo<\/em><\/strong>, alguns servi\u00e7os p\u00fablicos estaduais sofrer\u00e3o altera\u00e7\u00e3o no funcionamento. Confira o que abre e o que fecha neste per\u00edodo:<\/p>\n<p> Poupatempo: na semana em que se comemora o Natal e o Ano Novo, os postos Poupatempo da capital, Grande S\u00e3o Paulo, interior e litoral funcionar\u00e3o normalmente nas segundas e ter\u00e7as. J\u00e1 na quarta, 24, ficam abertos at\u00e9 as 12h. E na quarta, 31, e nas quintas, sextas e s\u00e1bados, permanecem fechados. Os servi\u00e7os Disque Poupatempo seguem o mesmo esquema de atendimento dos postos.<\/p>\n<p>Detran<\/p>\n<p>As unidades de atendimento do Detran.SP funcionar\u00e3o normalmente nas segundas e ter\u00e7as. J\u00e1 na quarta, 24, ficam abertas at\u00e9 as 12h. E na quarta, 31, e nas quintas, sextas e s\u00e1bados, permanecem fechadas. O Disque Detran.SP, central telef\u00f4nica para informa\u00e7\u00f5es aos cidad\u00e3os, seguir\u00e1 o mesmo calend\u00e1rio das unidades de atendimento.<\/p>\n<p>Metr\u00f4<\/p>\n<p>Na quarta-feira, 24, os usu\u00e1rios contar\u00e3o com oferta de viagens semelhante a um s\u00e1bado. J\u00e1 na quinta-feira, 25, feriado de Natal, a quantidade de composi\u00e7\u00f5es em opera\u00e7\u00e3o em todas as linhas ser\u00e1 semelhante a utilizada em um domingo. Na sexta-feira e durante o final de semana, a opera\u00e7\u00e3o ser\u00e1 a habitual em todo o sistema metrovi\u00e1rio. <\/p>\n<p>Na segunda-feira, 29, para atender aos usu\u00e1rios que retornam do feriado de Natal, a abertura das esta\u00e7\u00f5es das linhas 1-Azul, 2-Verde, 3-Vermelha e 4-Amarela ser\u00e1 antecipada para as quatro horas da manh\u00e3. Em todas essas linhas, foram programadas viagens extras para atender os passageiros. Apenas na Linha 5-Lil\u00e1s, a opera\u00e7\u00e3o comercial ter\u00e1 in\u00edcio no hor\u00e1rio habitual, ou seja, a partir das 4h40.<\/p>\n<p>Na virada do ano, para facilitar o deslocamento dos usu\u00e1rios que forem aos eventos programados na regi\u00e3o, a circula\u00e7\u00e3o de trens em todas as linhas de metr\u00f4 ser\u00e1 ininterrupta durante toda a madrugada. Os usu\u00e1rios poder\u00e3o embarcar em qualquer esta\u00e7\u00e3o das linhas 1-Azul, 2-Verde (exceto a esta\u00e7\u00e3o Trianon-Masp), 3-Vermelha e 4-Amarela at\u00e9 as duas horas da manh\u00e3. <\/p>\n<p>Ap\u00f3s esse hor\u00e1rio, apenas as esta\u00e7\u00f5es Para\u00edso, que integra as linhas 1-Azul e 2-Verde, Brigadeiro, Consola\u00e7\u00e3o, da Linha 2-Verde e Paulista, da Linha 4- Amarela, permanecer\u00e3o abertas para embarque e desembarque. Todas as demais continuar\u00e3o em funcionamento, por\u00e9m somente para desembarque. J\u00e1 na Linha 5-Lil\u00e1s, os usu\u00e1rios poder\u00e3o embarcar em todas as esta\u00e7\u00f5es at\u00e9 a meia-noite. Ap\u00f3s esse hor\u00e1rio, as esta\u00e7\u00f5es permanecer\u00e3o abertas, por\u00e9m somente para desembarque. <\/p>\n<p>CPTM<\/p>\n<p>Os intervalos dos trens da CPTM, nos dias 24 e 31 de dezembro, ser\u00e3o iguais os de dias \u00fateis. J\u00e1 nos dias 25 de dezembro e no dia 1\u00ba de janeiro, os trens funcionar\u00e3o da mesma forma que em feriados.<\/p>\n<p>EMTU<\/p>\n<p>As linhas de \u00f4nibus metropolitanos gerenciadas pela EMTU\/SP v\u00e3o operar com 80% da frota programada para os dias \u00fateis nos dias 24, v\u00e9spera de Natal,  e tamb\u00e9m  no dia 26, sexta-feira, dia ponte para o final de semana. O mesmo ocorrer\u00e1 na semana do Ano Novo com a circula\u00e7\u00e3o de 80% da frota nos dias 31, quarta-feira, dia da virada, 2 de janeiro, sexta-feira, dia ponte. <\/p>\n<p>Nos feriados de Natal, 25, e Ano Novo, 1, a frota programada ser\u00e1 a mesma que circula aos domingos, ou seja, 50% dos ve\u00edculos que operam nos dias \u00fateis.<\/p>\n<p>Do Portal do Governo do Estado<\/p>\n","protected":false},"excerpt":{"rendered":"<p>Na semana do Natal e do Ano Novo, alguns servi\u00e7os p\u00fablicos estaduais sofrer\u00e3o altera\u00e7\u00e3o no funcionamento. Confira o que abre e o que fecha neste per\u00edodo: Poupatempo: na semana em que se comemora o Natal e o Ano Novo, os postos Poupatempo da capital, Grande S\u00e3o Paulo, interior e litoral funcionar\u00e3o normalmente nas segundas e [&hellip;]<\/p>\n","protected":false},"author":2,"featured_media":26625,"comment_status":"open","ping_status":"closed","sticky":false,"template":"","format":"standard","meta":{"_genesis_hide_title":false,"_genesis_hide_breadcrumbs":false,"_genesis_hide_singular_image":false,"_genesis_hide_footer_widgets":false,"_genesis_custom_body_class":"","_genesis_custom_post_class":"","_genesis_layout":"","_jetpack_memberships_contains_paid_content":false,"footnotes":""},"categories":[22],"tags":[],"class_list":{"0":"post-64083","1":"post","2":"type-post","3":"status-publish","4":"format-standard","5":"has-post-thumbnail","7":"category-brasil","8":"entry","9":"gs-1","10":"gs-odd","11":"gs-even","12":"gs-featured-content-entry"},"jetpack_featured_media_url":"https:\/\/www.redenoticia.com.br\/noticia\/imagens\/mulher-profissao.jpg","jetpack_sharing_enabled":true,"jetpack_likes_enabled":true,"_links":{"self":[{"href":"https:\/\/www.redenoticia.com.br\/noticia\/wp-json\/wp\/v2\/posts\/64083","targetHints":{"allow":["GET"]}}],"collection":[{"href":"https:\/\/www.redenoticia.com.br\/noticia\/wp-json\/wp\/v2\/posts"}],"about":[{"href":"https:\/\/www.redenoticia.com.br\/noticia\/wp-json\/wp\/v2\/types\/post"}],"author":[{"embeddable":true,"href":"https:\/\/www.redenoticia.com.br\/noticia\/wp-json\/wp\/v2\/users\/2"}],"replies":[{"embeddable":true,"href":"https:\/\/www.redenoticia.com.br\/noticia\/wp-json\/wp\/v2\/comments?post=64083"}],"version-history":[{"count":0,"href":"https:\/\/www.redenoticia.com.br\/noticia\/wp-json\/wp\/v2\/posts\/64083\/revisions"}],"wp:featuredmedia":[{"embeddable":true,"href":"https:\/\/www.redenoticia.com.br\/noticia\/wp-json\/wp\/v2\/media\/26625"}],"wp:attachment":[{"href":"https:\/\/www.redenoticia.com.br\/noticia\/wp-json\/wp\/v2\/media?parent=64083"}],"wp:term":[{"taxonomy":"category","embeddable":true,"href":"https:\/\/www.redenoticia.com.br\/noticia\/wp-json\/wp\/v2\/categories?post=64083"},{"taxonomy":"post_tag","embeddable":true,"href":"https:\/\/www.redenoticia.com.br\/noticia\/wp-json\/wp\/v2\/tags?post=64083"}],"curies":[{"name":"wp","href":"https:\/\/api.w.org\/{rel}","templated":true}]}}