{"id":63990,"date":"2014-12-19T13:33:32","date_gmt":"2014-12-19T15:33:32","guid":{"rendered":"http:\/\/www.redenoticia.com.br\/noticia\/?p=63990"},"modified":"2014-12-19T13:33:32","modified_gmt":"2014-12-19T15:33:32","slug":"a-previa-da-inflacao-oficial-indica-079-em-dezembro","status":"publish","type":"post","link":"https:\/\/www.redenoticia.com.br\/noticia\/2014\/a-previa-da-inflacao-oficial-indica-079-em-dezembro\/63990","title":{"rendered":"A pr\u00e9via da infla\u00e7\u00e3o oficial indica 0,79% em dezembro"},"content":{"rendered":"<p> A pr\u00e9via da <strong><em>infla\u00e7\u00e3o<\/em><\/strong> oficial, medida pelo \u00cdndice de Pre\u00e7os ao Consumidor Amplo \u2013 15 (IPCA-15), ficou em 0,79% em dezembro deste ano. A taxa \u00e9 superior \u00e0s observadas em novembro deste ano (0,38%) e em dezembro do ano passado (0,75%).<\/p>\n<p>Segundo o Instituto Brasileiro de Geografia e Estat\u00edstica, o IPCA-15 acumula taxa de 6,46% em 12 meses, portanto abaixo do teto da meta de infla\u00e7\u00e3o do governo federal, que \u00e9 de 6,5%.<\/p>\n<p>A alta da infla\u00e7\u00e3o foi puxada principalmente pelos transportes, que tiveram infla\u00e7\u00e3o de 1,59% em dezembro. Entre os itens que contribu\u00edram para o aumento com os gastos de transporte est\u00e3o as passagens a\u00e9reas (com infla\u00e7\u00e3o de 42,42%) e a gasolina (2,15%).<\/p>\n<p>Outro grupo de despesas que teve peso grande na pr\u00e9via da infla\u00e7\u00e3o de dezembro foram os alimentos e bebidas, que tiveram alta de pre\u00e7os de 0,94%. Nessa categoria, as principais press\u00f5es inflacion\u00e1rias vieram das carnes (4,02%), batata-inglesa (27,2%), cebola (9,83%) e refei\u00e7\u00f5es fora de casa (1,37%).<\/p>\n<p>Apenas o grupo de despesas comunica\u00e7\u00e3o teve defla\u00e7\u00e3o (queda de pre\u00e7os), de 0,08% na pr\u00e9via de dezembro.<\/p>\n<p>Vitor Abdala &#8211; Rep\u00f3rter da Ag\u00eancia Brasil<br \/>\nEdi\u00e7\u00e3o: Denise Griesinger<\/p>\n","protected":false},"excerpt":{"rendered":"<p>A pr\u00e9via da infla\u00e7\u00e3o oficial, medida pelo \u00cdndice de Pre\u00e7os ao Consumidor Amplo \u2013 15 (IPCA-15), ficou em 0,79% em dezembro deste ano. A taxa \u00e9 superior \u00e0s observadas em novembro deste ano (0,38%) e em dezembro do ano passado (0,75%). Segundo o Instituto Brasileiro de Geografia e Estat\u00edstica, o IPCA-15 acumula taxa de 6,46% [&hellip;]<\/p>\n","protected":false},"author":2,"featured_media":57584,"comment_status":"open","ping_status":"closed","sticky":false,"template":"","format":"standard","meta":{"_genesis_hide_title":false,"_genesis_hide_breadcrumbs":false,"_genesis_hide_singular_image":false,"_genesis_hide_footer_widgets":false,"_genesis_custom_body_class":"","_genesis_custom_post_class":"","_genesis_layout":"","_jetpack_memberships_contains_paid_content":false,"footnotes":""},"categories":[22,7],"tags":[],"class_list":{"0":"post-63990","1":"post","2":"type-post","3":"status-publish","4":"format-standard","5":"has-post-thumbnail","7":"category-brasil","8":"category-economia","9":"entry","10":"gs-1","11":"gs-odd","12":"gs-even","13":"gs-featured-content-entry"},"jetpack_featured_media_url":"https:\/\/www.redenoticia.com.br\/noticia\/imagens\/economia-grafica-analise-inflacao.jpg","jetpack_sharing_enabled":true,"jetpack_likes_enabled":true,"_links":{"self":[{"href":"https:\/\/www.redenoticia.com.br\/noticia\/wp-json\/wp\/v2\/posts\/63990","targetHints":{"allow":["GET"]}}],"collection":[{"href":"https:\/\/www.redenoticia.com.br\/noticia\/wp-json\/wp\/v2\/posts"}],"about":[{"href":"https:\/\/www.redenoticia.com.br\/noticia\/wp-json\/wp\/v2\/types\/post"}],"author":[{"embeddable":true,"href":"https:\/\/www.redenoticia.com.br\/noticia\/wp-json\/wp\/v2\/users\/2"}],"replies":[{"embeddable":true,"href":"https:\/\/www.redenoticia.com.br\/noticia\/wp-json\/wp\/v2\/comments?post=63990"}],"version-history":[{"count":0,"href":"https:\/\/www.redenoticia.com.br\/noticia\/wp-json\/wp\/v2\/posts\/63990\/revisions"}],"wp:featuredmedia":[{"embeddable":true,"href":"https:\/\/www.redenoticia.com.br\/noticia\/wp-json\/wp\/v2\/media\/57584"}],"wp:attachment":[{"href":"https:\/\/www.redenoticia.com.br\/noticia\/wp-json\/wp\/v2\/media?parent=63990"}],"wp:term":[{"taxonomy":"category","embeddable":true,"href":"https:\/\/www.redenoticia.com.br\/noticia\/wp-json\/wp\/v2\/categories?post=63990"},{"taxonomy":"post_tag","embeddable":true,"href":"https:\/\/www.redenoticia.com.br\/noticia\/wp-json\/wp\/v2\/tags?post=63990"}],"curies":[{"name":"wp","href":"https:\/\/api.w.org\/{rel}","templated":true}]}}