{"id":63988,"date":"2014-12-19T13:31:11","date_gmt":"2014-12-19T15:31:11","guid":{"rendered":"http:\/\/www.redenoticia.com.br\/noticia\/?p=63988"},"modified":"2014-12-19T13:31:11","modified_gmt":"2014-12-19T15:31:11","slug":"taxa-de-desemprego-fica-em-48-em-novembro","status":"publish","type":"post","link":"https:\/\/www.redenoticia.com.br\/noticia\/2014\/taxa-de-desemprego-fica-em-48-em-novembro\/63988","title":{"rendered":"Taxa de desemprego fica em 4,8% em novembro"},"content":{"rendered":"<p> A taxa de desemprego ficou em 4,8% em novembro deste ano. A taxa est\u00e1 acima das observadas em outubro deste ano (4,7%) e em novembro do ano passado (4,6%). Os dados s\u00e3o da <strong><em>Pesquisa Mensal de Emprego<\/em><\/strong> (PME), divulgada pelo Instituto Brasileiro de Geografia e Estat\u00edstica (IBGE).<\/p>\n<p>A popula\u00e7\u00e3o desocupada ficou em 1,2 milh\u00e3o de pessoas no m\u00eas, sem varia\u00e7\u00e3o significativa de outubro para novembro. O n\u00famero de pessoas ocupadas manteve-se em 23,4 milh\u00f5es de pessoas nas seis regi\u00f5es metropolitanas pesquisadas pelo IBGE.<\/p>\n<p>O n\u00famero de pessoas com carteira assinada no setor privado tamb\u00e9m manteve-se est\u00e1vel, em 11,8 milh\u00f5es.<\/p>\n<p>Vitor Abdala &#8211; Rep\u00f3rter da Ag\u00eancia Brasil<br \/>\nEdi\u00e7\u00e3o: Gra\u00e7a Adjuto<\/p>\n<p>&#8212;<br \/>\nA PME \u00e9 uma pesquisa de periodicidade mensal sobre m\u00e3o-de-obra e rendimento do trabalho.<\/p>\n<p>Os dados s\u00e3o obtidos de uma amostra probabil\u00edstica de, aproximadamente, 38.500 domic\u00edlios situados nas Regi\u00f5es Metropolitanas de Recife, Salvador, Belo Horizonte, Rio de Janeiro, S\u00e3o Paulo e Porto Alegre.<\/p>\n<p>A pesquisa segue as recomenda\u00e7\u00f5es da Organiza\u00e7\u00e3o Internacional do Trabalho e objetiva produzir resultados que facilitem a an\u00e1lise de sua s\u00e9rie em conjunto com as contas nacionais e que viabilizem a compara\u00e7\u00e3o a n\u00edvel internacional. <\/p>\n","protected":false},"excerpt":{"rendered":"<p>A taxa de desemprego ficou em 4,8% em novembro deste ano. A taxa est\u00e1 acima das observadas em outubro deste ano (4,7%) e em novembro do ano passado (4,6%). Os dados s\u00e3o da Pesquisa Mensal de Emprego (PME), divulgada pelo Instituto Brasileiro de Geografia e Estat\u00edstica (IBGE). A popula\u00e7\u00e3o desocupada ficou em 1,2 milh\u00e3o de [&hellip;]<\/p>\n","protected":false},"author":2,"featured_media":57585,"comment_status":"open","ping_status":"closed","sticky":false,"template":"","format":"standard","meta":{"_genesis_hide_title":false,"_genesis_hide_breadcrumbs":false,"_genesis_hide_singular_image":false,"_genesis_hide_footer_widgets":false,"_genesis_custom_body_class":"","_genesis_custom_post_class":"","_genesis_layout":"","_jetpack_memberships_contains_paid_content":false,"footnotes":""},"categories":[22,7],"tags":[],"class_list":{"0":"post-63988","1":"post","2":"type-post","3":"status-publish","4":"format-standard","5":"has-post-thumbnail","7":"category-brasil","8":"category-economia","9":"entry","10":"gs-1","11":"gs-odd","12":"gs-even","13":"gs-featured-content-entry"},"jetpack_featured_media_url":"https:\/\/www.redenoticia.com.br\/noticia\/imagens\/analise-economia.jpg","jetpack_sharing_enabled":true,"jetpack_likes_enabled":true,"_links":{"self":[{"href":"https:\/\/www.redenoticia.com.br\/noticia\/wp-json\/wp\/v2\/posts\/63988","targetHints":{"allow":["GET"]}}],"collection":[{"href":"https:\/\/www.redenoticia.com.br\/noticia\/wp-json\/wp\/v2\/posts"}],"about":[{"href":"https:\/\/www.redenoticia.com.br\/noticia\/wp-json\/wp\/v2\/types\/post"}],"author":[{"embeddable":true,"href":"https:\/\/www.redenoticia.com.br\/noticia\/wp-json\/wp\/v2\/users\/2"}],"replies":[{"embeddable":true,"href":"https:\/\/www.redenoticia.com.br\/noticia\/wp-json\/wp\/v2\/comments?post=63988"}],"version-history":[{"count":0,"href":"https:\/\/www.redenoticia.com.br\/noticia\/wp-json\/wp\/v2\/posts\/63988\/revisions"}],"wp:featuredmedia":[{"embeddable":true,"href":"https:\/\/www.redenoticia.com.br\/noticia\/wp-json\/wp\/v2\/media\/57585"}],"wp:attachment":[{"href":"https:\/\/www.redenoticia.com.br\/noticia\/wp-json\/wp\/v2\/media?parent=63988"}],"wp:term":[{"taxonomy":"category","embeddable":true,"href":"https:\/\/www.redenoticia.com.br\/noticia\/wp-json\/wp\/v2\/categories?post=63988"},{"taxonomy":"post_tag","embeddable":true,"href":"https:\/\/www.redenoticia.com.br\/noticia\/wp-json\/wp\/v2\/tags?post=63988"}],"curies":[{"name":"wp","href":"https:\/\/api.w.org\/{rel}","templated":true}]}}