{"id":63984,"date":"2014-12-19T13:24:48","date_gmt":"2014-12-19T15:24:48","guid":{"rendered":"http:\/\/www.redenoticia.com.br\/noticia\/?p=63984"},"modified":"2014-12-19T13:24:48","modified_gmt":"2014-12-19T15:24:48","slug":"conselho-monetario-adia-definicao-sobre-juros-de-financiamentos-do-bndes","status":"publish","type":"post","link":"https:\/\/www.redenoticia.com.br\/noticia\/2014\/conselho-monetario-adia-definicao-sobre-juros-de-financiamentos-do-bndes\/63984","title":{"rendered":"Conselho Monet\u00e1rio adia defini\u00e7\u00e3o sobre juros de financiamentos do BNDES"},"content":{"rendered":"<p> O Conselho Monet\u00e1rio Nacional (CMN) adiou a decis\u00e3o sobre a <strong><em>Taxa de Juros de Longo Prazo<\/em><\/strong> (TJLP), usada nos financiamentos do Banco Nacional de Desenvolvimento Econ\u00f4mico e Social (BNDES). Atualmente, a taxa est\u00e1 em 5% ao ano, no menor n\u00edvel da hist\u00f3ria.<\/p>\n<p>Segundo o Minist\u00e9rio da Fazenda, a TJLP ser\u00e1 definida antes do fim de dezembro, com a decis\u00e3o sobre a continuidade do Programa de Sustenta\u00e7\u00e3o do Investimento (PSI). Para isso, o CMN ter\u00e1 de fazer uma reuni\u00e3o extraordin\u00e1ria nas pr\u00f3ximas semanas para decidir a taxa que vigorar\u00e1 entre janeiro e mar\u00e7o de 2015.<\/p>\n<p> Originalmente, a TJLP estava prevista para ser decidida na reuni\u00e3o mensal do Conselho Monet\u00e1rio. A cada tr\u00eas meses, o CMN fixa o n\u00edvel da taxa para o trimestre seguinte. O conselho \u00e9 composto pelos ministros da Fazenda, Guido Mantega, e do Planejamento, Miriam Belchior, e pelo presidente do Banco Central, Alexandre Tombini.<\/p>\n<p>De junho de 2009 a maio de 2012, a TJLP permaneceu em 6% ao ano. A taxa foi reduzida para 5,5%, em junho de 2012, e para 5%, em dezembro do mesmo ano, como medida de est\u00edmulo \u00e0 economia. A TJLP mais alta reduz os gastos do Tesouro Nacional para cobrir diferen\u00e7as entre financiamentos com juros subsidiados do BNDES e as taxas de mercado.<\/p>\n<p>A manuten\u00e7\u00e3o da taxa, ao contr\u00e1rio, aumenta a press\u00e3o sobre o Tesouro em meio ao atual ciclo de aumento da taxa Selic, juros b\u00e1sicos da economia, hoje em 11,75% ao ano.<\/p>\n<p>Criada em 1994, a TJLP \u00e9 definida como o custo b\u00e1sico dos financiamentos concedidos ao setor produtivo pelo BNDES. De acordo com o Minist\u00e9rio da Fazenda, o valor da taxa leva em conta dois fatores: meta de infla\u00e7\u00e3o, atualmente em 4,5%, mais o risco Brasil, indicador que mede a diferen\u00e7a entre os juros dos t\u00edtulos brasileiros no exterior e os pap\u00e9is do Tesouro norte-americano, considerados o investimento mais seguro do mundo.<\/p>\n<p>Wellton M\u00e1ximo \u2013 Rep\u00f3rter da Ag\u00eancia Brasil<br \/>\nEdi\u00e7\u00e3o: Armando Cardoso<\/p>\n","protected":false},"excerpt":{"rendered":"<p>O Conselho Monet\u00e1rio Nacional (CMN) adiou a decis\u00e3o sobre a Taxa de Juros de Longo Prazo (TJLP), usada nos financiamentos do Banco Nacional de Desenvolvimento Econ\u00f4mico e Social (BNDES). Atualmente, a taxa est\u00e1 em 5% ao ano, no menor n\u00edvel da hist\u00f3ria. Segundo o Minist\u00e9rio da Fazenda, a TJLP ser\u00e1 definida antes do fim de [&hellip;]<\/p>\n","protected":false},"author":2,"featured_media":57583,"comment_status":"open","ping_status":"closed","sticky":false,"template":"","format":"standard","meta":{"_genesis_hide_title":false,"_genesis_hide_breadcrumbs":false,"_genesis_hide_singular_image":false,"_genesis_hide_footer_widgets":false,"_genesis_custom_body_class":"","_genesis_custom_post_class":"","_genesis_layout":"","_jetpack_memberships_contains_paid_content":false,"footnotes":""},"categories":[22,7],"tags":[],"class_list":{"0":"post-63984","1":"post","2":"type-post","3":"status-publish","4":"format-standard","5":"has-post-thumbnail","7":"category-brasil","8":"category-economia","9":"entry","10":"gs-1","11":"gs-odd","12":"gs-even","13":"gs-featured-content-entry"},"jetpack_featured_media_url":"https:\/\/www.redenoticia.com.br\/noticia\/imagens\/economia-grafico.jpg","jetpack_sharing_enabled":true,"jetpack_likes_enabled":true,"_links":{"self":[{"href":"https:\/\/www.redenoticia.com.br\/noticia\/wp-json\/wp\/v2\/posts\/63984","targetHints":{"allow":["GET"]}}],"collection":[{"href":"https:\/\/www.redenoticia.com.br\/noticia\/wp-json\/wp\/v2\/posts"}],"about":[{"href":"https:\/\/www.redenoticia.com.br\/noticia\/wp-json\/wp\/v2\/types\/post"}],"author":[{"embeddable":true,"href":"https:\/\/www.redenoticia.com.br\/noticia\/wp-json\/wp\/v2\/users\/2"}],"replies":[{"embeddable":true,"href":"https:\/\/www.redenoticia.com.br\/noticia\/wp-json\/wp\/v2\/comments?post=63984"}],"version-history":[{"count":0,"href":"https:\/\/www.redenoticia.com.br\/noticia\/wp-json\/wp\/v2\/posts\/63984\/revisions"}],"wp:featuredmedia":[{"embeddable":true,"href":"https:\/\/www.redenoticia.com.br\/noticia\/wp-json\/wp\/v2\/media\/57583"}],"wp:attachment":[{"href":"https:\/\/www.redenoticia.com.br\/noticia\/wp-json\/wp\/v2\/media?parent=63984"}],"wp:term":[{"taxonomy":"category","embeddable":true,"href":"https:\/\/www.redenoticia.com.br\/noticia\/wp-json\/wp\/v2\/categories?post=63984"},{"taxonomy":"post_tag","embeddable":true,"href":"https:\/\/www.redenoticia.com.br\/noticia\/wp-json\/wp\/v2\/tags?post=63984"}],"curies":[{"name":"wp","href":"https:\/\/api.w.org\/{rel}","templated":true}]}}