{"id":63982,"date":"2014-12-19T13:21:56","date_gmt":"2014-12-19T15:21:56","guid":{"rendered":"http:\/\/www.redenoticia.com.br\/noticia\/?p=63982"},"modified":"2014-12-19T13:21:56","modified_gmt":"2014-12-19T15:21:56","slug":"operacao-verao-2015-sp-nas-estradas","status":"publish","type":"post","link":"https:\/\/www.redenoticia.com.br\/noticia\/2014\/operacao-verao-2015-sp-nas-estradas\/63982","title":{"rendered":"Opera\u00e7\u00e3o Ver\u00e3o 2015 SP nas estradas"},"content":{"rendered":"<p>A <em><strong>Opera\u00e7\u00e3o Ver\u00e3o<\/strong> <\/em>2015 tem inicio a partir da meia-noite desta sexta-feira, 19 e vai at\u00e9 a meia-noite do dia 23 de fevereiro. As estradas sob responsabilidade do Departamento de Estradas de Rodagem (DER), que d\u00e3o acesso ao litoral paulista e sa\u00edda da capital far\u00e3o parte do programa. Durante os feriados de Natal, Reveillon e Carnaval, a expectativa \u00e9 que 3,9 milh\u00f5es de ve\u00edculos, ida e volta, trafeguem pelas rodovias.<\/p>\n<p>A Opera\u00e7\u00e3o foi organizada para minimizar os impactos do intenso fluxo de ve\u00edculos nas rodovias estaduais paulistas. Na log\u00edstica da Opera\u00e7\u00e3o Ver\u00e3o 2015 foram disponibilizados aos usu\u00e1rios 82 viaturas de inspe\u00e7\u00e3o (pick-ups e caminhonetes), 145 guinchos (leves e pesados), cinco ambul\u00e2ncias e 122 ve\u00edculos de apoio.<\/p>\n<p>Os usu\u00e1rios contar\u00e3o com mais de 600 profissionais voltados exclusivamente para as rodovias que chegam na capital e \u00e0s que d\u00e3o acesso \u00e0s regi\u00f5es litor\u00e2neas. A Pol\u00edcia Militar Rodovi\u00e1ria ter\u00e1 aproximadamente 1.300 policiais na fiscaliza\u00e7\u00e3o e orienta\u00e7\u00e3o aos usu\u00e1rios das estradas.<\/p>\n<p>Os hor\u00e1rios de maior movimento para o Natal s\u00e3o esperados entre as 18h e 24h desta sexta,19, das 8h \u00e0s 14h do s\u00e1bado, 20, e entre as 16 e 24h da quarta, 24. Para o Ano Novo, a previs\u00e3o \u00e9 que os hor\u00e1rios de pico sejam registrados entre as 18h e 24h de sexta, 26, das 8h \u00e0s 14h de s\u00e1bado,27, e ainda das 16h \u00e0s 24 da v\u00e9spera de Ano Novo, na quarta,31. No retorno, a expectativa aponta maior movimento \u00e9 entre as 8h da \u00e0s 24h do domingo,4.<\/p>\n<p>Os usu\u00e1rios poder\u00e3o obter informa\u00e7\u00f5es sobre a situa\u00e7\u00e3o de tr\u00e1fego nas rodovias pelo Centro de Opera\u00e7\u00f5es e Informa\u00e7\u00e3o do DER. Equipes est\u00e3o trabalhando em esquema operacional 24h para melhor atender os motoristas e usu\u00e1rios. O tempo estimado de percurso estar\u00e1 dispon\u00edvel no \u00a0e pelo . Ainda h\u00e1 o telefone de emerg\u00eancias do DER, o 0800 055 5510.<\/p>\n<p>Do Portal do Governo do Estado<\/p>\n","protected":false},"excerpt":{"rendered":"<p>A Opera\u00e7\u00e3o Ver\u00e3o 2015 tem inicio a partir da meia-noite desta sexta-feira, 19 e vai at\u00e9 a meia-noite do dia 23 de fevereiro. As estradas sob responsabilidade do Departamento de Estradas de Rodagem (DER), que d\u00e3o acesso ao litoral paulista e sa\u00edda da capital far\u00e3o parte do programa. Durante os feriados de Natal, Reveillon e [&hellip;]<\/p>\n","protected":false},"author":2,"featured_media":35207,"comment_status":"open","ping_status":"closed","sticky":false,"template":"","format":"standard","meta":{"_genesis_hide_title":false,"_genesis_hide_breadcrumbs":false,"_genesis_hide_singular_image":false,"_genesis_hide_footer_widgets":false,"_genesis_custom_body_class":"","_genesis_custom_post_class":"","_genesis_layout":"","_jetpack_memberships_contains_paid_content":false,"footnotes":""},"categories":[22],"tags":[],"class_list":{"0":"post-63982","1":"post","2":"type-post","3":"status-publish","4":"format-standard","5":"has-post-thumbnail","7":"category-brasil","8":"entry","9":"gs-1","10":"gs-odd","11":"gs-even","12":"gs-featured-content-entry"},"jetpack_featured_media_url":"https:\/\/www.redenoticia.com.br\/noticia\/imagens\/transito-estradas.jpg","jetpack_sharing_enabled":true,"jetpack_likes_enabled":true,"_links":{"self":[{"href":"https:\/\/www.redenoticia.com.br\/noticia\/wp-json\/wp\/v2\/posts\/63982","targetHints":{"allow":["GET"]}}],"collection":[{"href":"https:\/\/www.redenoticia.com.br\/noticia\/wp-json\/wp\/v2\/posts"}],"about":[{"href":"https:\/\/www.redenoticia.com.br\/noticia\/wp-json\/wp\/v2\/types\/post"}],"author":[{"embeddable":true,"href":"https:\/\/www.redenoticia.com.br\/noticia\/wp-json\/wp\/v2\/users\/2"}],"replies":[{"embeddable":true,"href":"https:\/\/www.redenoticia.com.br\/noticia\/wp-json\/wp\/v2\/comments?post=63982"}],"version-history":[{"count":0,"href":"https:\/\/www.redenoticia.com.br\/noticia\/wp-json\/wp\/v2\/posts\/63982\/revisions"}],"wp:featuredmedia":[{"embeddable":true,"href":"https:\/\/www.redenoticia.com.br\/noticia\/wp-json\/wp\/v2\/media\/35207"}],"wp:attachment":[{"href":"https:\/\/www.redenoticia.com.br\/noticia\/wp-json\/wp\/v2\/media?parent=63982"}],"wp:term":[{"taxonomy":"category","embeddable":true,"href":"https:\/\/www.redenoticia.com.br\/noticia\/wp-json\/wp\/v2\/categories?post=63982"},{"taxonomy":"post_tag","embeddable":true,"href":"https:\/\/www.redenoticia.com.br\/noticia\/wp-json\/wp\/v2\/tags?post=63982"}],"curies":[{"name":"wp","href":"https:\/\/api.w.org\/{rel}","templated":true}]}}