{"id":63940,"date":"2014-12-18T15:08:09","date_gmt":"2014-12-18T17:08:09","guid":{"rendered":"http:\/\/www.redenoticia.com.br\/noticia\/?p=63940"},"modified":"2014-12-18T15:08:09","modified_gmt":"2014-12-18T17:08:09","slug":"producao-industrial-recuou-em-novembro-mostra-cni","status":"publish","type":"post","link":"https:\/\/www.redenoticia.com.br\/noticia\/2014\/producao-industrial-recuou-em-novembro-mostra-cni\/63940","title":{"rendered":"Produ\u00e7\u00e3o industrial recuou em novembro, mostra CNI"},"content":{"rendered":"<p> A produ\u00e7\u00e3o, o emprego e a utiliza\u00e7\u00e3o da capacidade instalada na ind\u00fastria recuaram em novembro. As informa\u00e7\u00f5es est\u00e3o na <strong><em>Sondagem Industrial <\/em><\/strong>da Confedera\u00e7\u00e3o Nacional da Ind\u00fastria (CNI). Para os t\u00e9cnicos, os n\u00fameros confirmam o desaquecimento da atividade.<\/p>\n<p> O indicador de evolu\u00e7\u00e3o da produ\u00e7\u00e3o caiu de 50,8 para 45,4 pontos, o de n\u00famero de empregados baixou de 47,1 para 46,4 pontos e o de utiliza\u00e7\u00e3o da capacidade instalada efetiva em rela\u00e7\u00e3o \u00e0 usual teve queda de 42,9 para 41,5 pontos de outubro para novembro. A metodologia usada pela CNI na pesquisa tem uma escala que varia de 0 a 100 pontos. Pontua\u00e7\u00e3o abaixo de 50 indica queda do indicador.<\/p>\n<p>O levantamento mostra ainda que o \u00edndice de evolu\u00e7\u00e3o da produ\u00e7\u00e3o recuou de 50,8 pontos em outubro para 45,4 pontos em novembro, com eleva\u00e7\u00e3o dos estoques indesejados. O indicador de n\u00edvel de estoque efetivo em rela\u00e7\u00e3o ao planejado subiu de 51 pontos em outubro para 51,5 pontos em novembro.<\/p>\n<p>A sondagem tamb\u00e9m indica que os empres\u00e1rios est\u00e3o mais pessimistas, com o indicador de expectativa de demanda para os pr\u00f3ximos seis meses caindo de 50 pontos em novembro para 48,1 pontos em dezembro, o de n\u00famero de empregados recuando de 47,9 pontos para 46,3 pontos e o de compra de mat\u00e9rias-primas diminuindo de 46,4 pontos para 45,7 pontos.<\/p>\n<p>A sondagem foi feita entre os dias 1\u00ba e 10 de dezembro, com 2.186 empresas. Dessas, 874 s\u00e3o pequenas, 788 s\u00e3o m\u00e9dias e 524 s\u00e3o de grande porte.<\/p>\n<p>Da Ag\u00eancia Brasil<br \/>\nEdi\u00e7\u00e3o: Val\u00e9ria Aguiar<\/p>\n","protected":false},"excerpt":{"rendered":"<p>A produ\u00e7\u00e3o, o emprego e a utiliza\u00e7\u00e3o da capacidade instalada na ind\u00fastria recuaram em novembro. As informa\u00e7\u00f5es est\u00e3o na Sondagem Industrial da Confedera\u00e7\u00e3o Nacional da Ind\u00fastria (CNI). Para os t\u00e9cnicos, os n\u00fameros confirmam o desaquecimento da atividade. O indicador de evolu\u00e7\u00e3o da produ\u00e7\u00e3o caiu de 50,8 para 45,4 pontos, o de n\u00famero de empregados baixou [&hellip;]<\/p>\n","protected":false},"author":2,"featured_media":57583,"comment_status":"open","ping_status":"closed","sticky":false,"template":"","format":"standard","meta":{"_genesis_hide_title":false,"_genesis_hide_breadcrumbs":false,"_genesis_hide_singular_image":false,"_genesis_hide_footer_widgets":false,"_genesis_custom_body_class":"","_genesis_custom_post_class":"","_genesis_layout":"","_jetpack_memberships_contains_paid_content":false,"footnotes":""},"categories":[22,7],"tags":[],"class_list":{"0":"post-63940","1":"post","2":"type-post","3":"status-publish","4":"format-standard","5":"has-post-thumbnail","7":"category-brasil","8":"category-economia","9":"entry","10":"gs-1","11":"gs-odd","12":"gs-even","13":"gs-featured-content-entry"},"jetpack_featured_media_url":"https:\/\/www.redenoticia.com.br\/noticia\/imagens\/economia-grafico.jpg","jetpack_sharing_enabled":true,"jetpack_likes_enabled":true,"_links":{"self":[{"href":"https:\/\/www.redenoticia.com.br\/noticia\/wp-json\/wp\/v2\/posts\/63940","targetHints":{"allow":["GET"]}}],"collection":[{"href":"https:\/\/www.redenoticia.com.br\/noticia\/wp-json\/wp\/v2\/posts"}],"about":[{"href":"https:\/\/www.redenoticia.com.br\/noticia\/wp-json\/wp\/v2\/types\/post"}],"author":[{"embeddable":true,"href":"https:\/\/www.redenoticia.com.br\/noticia\/wp-json\/wp\/v2\/users\/2"}],"replies":[{"embeddable":true,"href":"https:\/\/www.redenoticia.com.br\/noticia\/wp-json\/wp\/v2\/comments?post=63940"}],"version-history":[{"count":0,"href":"https:\/\/www.redenoticia.com.br\/noticia\/wp-json\/wp\/v2\/posts\/63940\/revisions"}],"wp:featuredmedia":[{"embeddable":true,"href":"https:\/\/www.redenoticia.com.br\/noticia\/wp-json\/wp\/v2\/media\/57583"}],"wp:attachment":[{"href":"https:\/\/www.redenoticia.com.br\/noticia\/wp-json\/wp\/v2\/media?parent=63940"}],"wp:term":[{"taxonomy":"category","embeddable":true,"href":"https:\/\/www.redenoticia.com.br\/noticia\/wp-json\/wp\/v2\/categories?post=63940"},{"taxonomy":"post_tag","embeddable":true,"href":"https:\/\/www.redenoticia.com.br\/noticia\/wp-json\/wp\/v2\/tags?post=63940"}],"curies":[{"name":"wp","href":"https:\/\/api.w.org\/{rel}","templated":true}]}}