{"id":63936,"date":"2014-12-18T14:54:42","date_gmt":"2014-12-18T16:54:42","guid":{"rendered":"http:\/\/www.redenoticia.com.br\/noticia\/?p=63936"},"modified":"2014-12-18T14:54:42","modified_gmt":"2014-12-18T16:54:42","slug":"expectativa-de-vida-aumenta-no-mundo-e-mortes-por-doencas-graves-caem","status":"publish","type":"post","link":"https:\/\/www.redenoticia.com.br\/noticia\/2014\/expectativa-de-vida-aumenta-no-mundo-e-mortes-por-doencas-graves-caem\/63936","title":{"rendered":"Expectativa de vida aumenta no mundo e mortes por doen\u00e7as graves caem"},"content":{"rendered":"<p> As pessoas est\u00e3o vivendo mais em todo o mundo do que h\u00e1 duas d\u00e9cadas, devido, em parte, \u00e0 queda do n\u00famero de mortes provocadas por doen\u00e7as cardiovasculares em pa\u00edses de alta renda e \u00e0 redu\u00e7\u00e3o da mortalidade infantil em pa\u00edses de baixa renda. Estudo publicado pelo peri\u00f3dico The Lancet, feito em 188 pa\u00edses \u2013 inclusive no Brasil \u2013, mostra que a <strong><em>expectativa de vida<\/em><\/strong> global para ambos os sexos passou de 65,3 anos em 1990 para 71,5 anos em 2013. As mulheres alcan\u00e7aram resultados ligeiramente melhores que os homens \u2013 a expectativa de vida entre elas aumentou 6,6 anos e, entre eles, 5,8 anos. A previs\u00e3o do documento \u00e9 que, se as tend\u00eancias registradas nos \u00faltimos 23 anos se mantiverem, at\u00e9 2030 a expectativa de vida das mulheres ser\u00e1 85,3 anos e a dos homens, 78,1 anos.<\/p>\n<p>O estudo revela ainda que as principais causas de morte variam de pa\u00eds para pa\u00eds mas, em n\u00edvel global, transtornos relacionados ao uso de drogas e doen\u00e7as cr\u00f4nicas dos rins respondem por parte consider\u00e1vel do aumento de \u00f3bitos prematuros registrado desde 1990. As mortes provocadas por alguns tipos de c\u00e2ncer, como o de p\u00e2ncreas e de rins, tamb\u00e9m aumentaram.<\/p>\n<p>Ao mesmo tempo, segundo o relat\u00f3rio, foram identificados grandes avan\u00e7os na redu\u00e7\u00e3o da mortalidade decorrente de doen\u00e7as como sarampo e diarreia, com quedas de 83% e 51%, respectivamente, entre 1990 e 2013.<\/p>\n<p>Ainda de acordo com o levantamento, tr\u00eas condi\u00e7\u00f5es respondem por quase 32% do total de mortes registradas no ano passado em todo o mundo: doen\u00e7a isqu\u00eamica do cora\u00e7\u00e3o, derrame e doen\u00e7a pulmonar obstrutiva cr\u00f4nica.<\/p>\n<p>A pesquisa identificou tamb\u00e9m que, mesmo diante de melhorias na longevidade de pa\u00edses de baixa renda, os desafios na sa\u00fade enfrentados por na\u00e7\u00f5es como a Bol\u00edvia, o Nepal e a Nig\u00e9ria s\u00e3o bem diferentes dos registrados no Jap\u00e3o, na Espanha e nos Estados Unidos. Os desafios de diversos pa\u00edses de renda m\u00e9dia, como a China e o Brasil, se aproximam mais dos de pa\u00edses ricos.<\/p>\n<p>A idade m\u00e9dia com que as pessoas morrem aumentou de 46,7 em 1990 para 59,3 em 2013. O estudo indica que, devido ao crescimento da popula\u00e7\u00e3o global, entre outros fatores, o n\u00famero de mortes em ambos os sexos e em todas as faixas et\u00e1rias combinadas aumentou de 47,5 milh\u00f5es para 54,9 milh\u00f5es no mesmo per\u00edodo.<\/p>\n<p>O n\u00famero de pessoas que morreram em raz\u00e3o de condi\u00e7\u00f5es como doen\u00e7a do cora\u00e7\u00e3o aumentou conforme a popula\u00e7\u00e3o foi crescendo, mas caiu entre faixas et\u00e1rias espec\u00edficas propensas a essas condi\u00e7\u00f5es, um sinal, segundo o relat\u00f3rio, de progresso. Os \u00edndices de morte por c\u00e2ncer, incluindo c\u00e2ncer de mama, cervical e de c\u00f3lon, ca\u00edram, enquanto o c\u00e2ncer de p\u00e2ncreas, o de rim e o linfoma n\u00e3o Hodgkin registraram aumento de \u00f3bitos.<\/p>\n<p>O documento destaca como \u201ctend\u00eancia encorajadora\u201d o fato de as pessoas viverem mais atualmente, mas ressalta que \u00e9 preciso garantir pol\u00edticas p\u00fablicas capazes de prepar\u00e1-las para os desafios da sa\u00fade e os custos associados que est\u00e3o por vir.<\/p>\n<p>Confira as principais causas de morte em todo o mundo (acompanhadas do n\u00famero de \u00f3bitos):<\/p>\n<p>2013<\/p>\n<p>1. Doen\u00e7a isqu\u00eamica do cora\u00e7\u00e3o (8.139.900)<\/p>\n<p>2. Derrame (6.446.900)<\/p>\n<p>3. Doen\u00e7a pulmonar obstrutiva cr\u00f4nica (2.931.200)<\/p>\n<p>4. Pneumonia (2.652.600)<\/p>\n<p>5. Mal de Alzheimer (1.655.100)<\/p>\n<p>6. C\u00e2ncer de pulm\u00e3o (1.639.600)<\/p>\n<p>7. Ferimentos em acidentes de tr\u00e2nsito (1.395.800)<\/p>\n<p>8. HIV\/aids (1.341.000)<\/p>\n<p>9. Diabetes (1.299.400)<\/p>\n<p>10. Tuberculose (1.290.300)<\/p>\n<p>1990<\/p>\n<p>1. Doen\u00e7a isqu\u00eamica do cora\u00e7\u00e3o (5.737.500)<\/p>\n<p>2. Derrame (4.584.800)<\/p>\n<p>3. Pneumonia (3.420.700)<\/p>\n<p>4. Doen\u00e7as diarreicas (2.578.700)<\/p>\n<p>5. Doen\u00e7a pulmonar obstrutiva cr\u00f4nica (2.421.300)<\/p>\n<p>6. Tuberculose (1.786.100)<\/p>\n<p>7. Complica\u00e7\u00f5es neonatais decorrentes de parto prematuro (1.570.500)<\/p>\n<p>8. Ferimentos em acidentes de tr\u00e2nsito (1.058.400)<\/p>\n<p>9. C\u00e2ncer de pulm\u00e3o (1.050.000)<\/p>\n<p>10. Mal\u00e1ria (888.100)<\/p>\n<p>Paula Laboissi\u00e8re &#8211; Rep\u00f3rter da Ag\u00eancia Brasil<br \/>\nEdi\u00e7\u00e3o: Gra\u00e7a Adjuto<\/p>\n","protected":false},"excerpt":{"rendered":"<p>As pessoas est\u00e3o vivendo mais em todo o mundo do que h\u00e1 duas d\u00e9cadas, devido, em parte, \u00e0 queda do n\u00famero de mortes provocadas por doen\u00e7as cardiovasculares em pa\u00edses de alta renda e \u00e0 redu\u00e7\u00e3o da mortalidade infantil em pa\u00edses de baixa renda. Estudo publicado pelo peri\u00f3dico The Lancet, feito em 188 pa\u00edses \u2013 inclusive [&hellip;]<\/p>\n","protected":false},"author":2,"featured_media":57585,"comment_status":"open","ping_status":"closed","sticky":false,"template":"","format":"standard","meta":{"_genesis_hide_title":false,"_genesis_hide_breadcrumbs":false,"_genesis_hide_singular_image":false,"_genesis_hide_footer_widgets":false,"_genesis_custom_body_class":"","_genesis_custom_post_class":"","_genesis_layout":"","_jetpack_memberships_contains_paid_content":false,"footnotes":""},"categories":[22],"tags":[],"class_list":{"0":"post-63936","1":"post","2":"type-post","3":"status-publish","4":"format-standard","5":"has-post-thumbnail","7":"category-brasil","8":"entry","9":"gs-1","10":"gs-odd","11":"gs-even","12":"gs-featured-content-entry"},"jetpack_featured_media_url":"https:\/\/www.redenoticia.com.br\/noticia\/imagens\/analise-economia.jpg","jetpack_sharing_enabled":true,"jetpack_likes_enabled":true,"_links":{"self":[{"href":"https:\/\/www.redenoticia.com.br\/noticia\/wp-json\/wp\/v2\/posts\/63936","targetHints":{"allow":["GET"]}}],"collection":[{"href":"https:\/\/www.redenoticia.com.br\/noticia\/wp-json\/wp\/v2\/posts"}],"about":[{"href":"https:\/\/www.redenoticia.com.br\/noticia\/wp-json\/wp\/v2\/types\/post"}],"author":[{"embeddable":true,"href":"https:\/\/www.redenoticia.com.br\/noticia\/wp-json\/wp\/v2\/users\/2"}],"replies":[{"embeddable":true,"href":"https:\/\/www.redenoticia.com.br\/noticia\/wp-json\/wp\/v2\/comments?post=63936"}],"version-history":[{"count":0,"href":"https:\/\/www.redenoticia.com.br\/noticia\/wp-json\/wp\/v2\/posts\/63936\/revisions"}],"wp:featuredmedia":[{"embeddable":true,"href":"https:\/\/www.redenoticia.com.br\/noticia\/wp-json\/wp\/v2\/media\/57585"}],"wp:attachment":[{"href":"https:\/\/www.redenoticia.com.br\/noticia\/wp-json\/wp\/v2\/media?parent=63936"}],"wp:term":[{"taxonomy":"category","embeddable":true,"href":"https:\/\/www.redenoticia.com.br\/noticia\/wp-json\/wp\/v2\/categories?post=63936"},{"taxonomy":"post_tag","embeddable":true,"href":"https:\/\/www.redenoticia.com.br\/noticia\/wp-json\/wp\/v2\/tags?post=63936"}],"curies":[{"name":"wp","href":"https:\/\/api.w.org\/{rel}","templated":true}]}}