{"id":63934,"date":"2014-12-18T14:50:31","date_gmt":"2014-12-18T16:50:31","guid":{"rendered":"http:\/\/www.redenoticia.com.br\/noticia\/?p=63934"},"modified":"2014-12-18T14:50:31","modified_gmt":"2014-12-18T16:50:31","slug":"sao-paulo-sedia-primeira-edicao-do-maos-do-brasil-salao-de-artesanato","status":"publish","type":"post","link":"https:\/\/www.redenoticia.com.br\/noticia\/2014\/sao-paulo-sedia-primeira-edicao-do-maos-do-brasil-salao-de-artesanato\/63934","title":{"rendered":"S\u00e3o Paulo sedia primeira edi\u00e7\u00e3o do M\u00e3os do Brasil Sal\u00e3o de Artesanato"},"content":{"rendered":"<p> A cidade de S\u00e3o Paulo \u00e9 a sede da primeira edi\u00e7\u00e3o do <strong><em>M\u00e3os do Brasil<\/em><\/strong> Sal\u00e3o de Artesanato, que re\u00fane artes\u00e3os de todos os estados brasileiros at\u00e9 o pr\u00f3ximo dia 20, no Centro de Exposi\u00e7\u00f5es do Anhembi. O sal\u00e3o \u00e9 uma das a\u00e7\u00f5es do Programa do Artesanato Brasileiro (PAB), que pretende reduzir o gargalo de distribui\u00e7\u00e3o dos produtos manuais.<\/p>\n<p>\u201cA maior demanda hoje \u00e9 por espa\u00e7os para comercializa\u00e7\u00e3o do produto. O escoamento \u00e9 o gargalo. Se n\u00e3o consigo dar espa\u00e7o para o artes\u00e3o, ele n\u00e3o tem onde exp\u00f4r suas pe\u00e7as. Ele produz, um atravessador compra as pe\u00e7as dele e revende pelo dobro ou triplo do pre\u00e7o. O maior gargalo para o artes\u00e3o \u00e9 a oportunidade de espa\u00e7o para comercializar a pr\u00f3pria pe\u00e7a\u201d, destacou Ana Beatriz Ellery, coordenadora de Artesanato Brasileiro da Secretaria da Micro e Pequena Empresa da Presid\u00eancia da Rep\u00fablica.<\/p>\n<p>Anualmente, o PAB faz, em m\u00e9dia, cinco feiras nacionais e regionais. A inten\u00e7\u00e3o \u00e9 abrir espa\u00e7o para os artes\u00e3os aumentarem a lista de clientes e se capitalizarem para participar de outras feiras. \u201c\u00c9 uma oportunidade para vender mercadorias. Quando vende, o artes\u00e3o consegue um pouco mais de recursos para participar das feiras. E eles est\u00e3o crescendo. Hoje, s\u00e3o aproximadamente 250 artes\u00e3os por feira. \u00c9 um n\u00famero bem expressivo\u201d, ressaltou Ellery.<\/p>\n<p>A artes\u00e3 Vaglene Barros Felix, do Distrito Federal, que trabalha com lumin\u00e1rias e abajures, aprova a estrat\u00e9gia da realiza\u00e7\u00e3o das feiras de artesanato e a abertura de espa\u00e7os para comercializa\u00e7\u00e3o das pe\u00e7as. No entanto, ela disse que faltam recursos que os artes\u00e3os participem. \u201cEst\u00e1 bem mais f\u00e1cil. O PAB d\u00e1 muitas facilidades para o artes\u00e3o exp\u00f4r em quase todos os estados do Brasil. No DF, temos a Casa do Artes\u00e3o, grandes feiras e shoppings que abrem as portas. Mas, infelizmente, falta verba para trazer artes\u00e3os\u201d, ressaltou.<\/p>\n<p>Nos primeiros cinco dias de exposi\u00e7\u00e3o, foram comercializadas, segundo a organiza\u00e7\u00e3o, R$ 950 mil. O estande de Minas Gerais foi o mais procurado. &#8220;Temos pe\u00e7as reconhecidas mundialmente, como a cer\u00e2mica do Vale do Jequitinhonha, que \u00e9 o que mais vendeu at\u00e9 agora&#8221; informou o coordenador do estado, Thiago Tomaz Chaveiro.<\/p>\n<p>O sal\u00e3o M\u00e3os do Brasil ser\u00e1 encerrado no pr\u00f3ximo s\u00e1bado (20). Ele est\u00e1 montado no Centro de Conven\u00e7\u00f5es Anhembi, na Avenida Olavo Fontoura, 1209. A entrada \u00e9 gratuita. At\u00e9 amanh\u00e3 (18), o hor\u00e1rio de funcionamento vai das 14h \u00e0s 22h. Na sexta (19) e no s\u00e1bado, a feira come\u00e7a \u00e0s 11h e termina \u00e0s 22h. A cada 20 minutos, \u00f4nibus saem da Esta\u00e7\u00e3o Tiet\u00ea do metr\u00f4 para o local da feira.<\/p>\n<p>Bruno Bocchini &#8211; Rep\u00f3rter da Ag\u00eancia Brasil<br \/>\nEdi\u00e7\u00e3o: Armando Cardoso<\/p>\n","protected":false},"excerpt":{"rendered":"<p>A cidade de S\u00e3o Paulo \u00e9 a sede da primeira edi\u00e7\u00e3o do M\u00e3os do Brasil Sal\u00e3o de Artesanato, que re\u00fane artes\u00e3os de todos os estados brasileiros at\u00e9 o pr\u00f3ximo dia 20, no Centro de Exposi\u00e7\u00f5es do Anhembi. O sal\u00e3o \u00e9 uma das a\u00e7\u00f5es do Programa do Artesanato Brasileiro (PAB), que pretende reduzir o gargalo de [&hellip;]<\/p>\n","protected":false},"author":2,"featured_media":32410,"comment_status":"open","ping_status":"closed","sticky":false,"template":"","format":"standard","meta":{"_genesis_hide_title":false,"_genesis_hide_breadcrumbs":false,"_genesis_hide_singular_image":false,"_genesis_hide_footer_widgets":false,"_genesis_custom_body_class":"","_genesis_custom_post_class":"","_genesis_layout":"","_jetpack_memberships_contains_paid_content":false,"footnotes":""},"categories":[22],"tags":[],"class_list":{"0":"post-63934","1":"post","2":"type-post","3":"status-publish","4":"format-standard","5":"has-post-thumbnail","7":"category-brasil","8":"entry","9":"gs-1","10":"gs-odd","11":"gs-even","12":"gs-featured-content-entry"},"jetpack_featured_media_url":"https:\/\/www.redenoticia.com.br\/noticia\/imagens\/artesanato-mercur.jpg","jetpack_sharing_enabled":true,"jetpack_likes_enabled":true,"_links":{"self":[{"href":"https:\/\/www.redenoticia.com.br\/noticia\/wp-json\/wp\/v2\/posts\/63934","targetHints":{"allow":["GET"]}}],"collection":[{"href":"https:\/\/www.redenoticia.com.br\/noticia\/wp-json\/wp\/v2\/posts"}],"about":[{"href":"https:\/\/www.redenoticia.com.br\/noticia\/wp-json\/wp\/v2\/types\/post"}],"author":[{"embeddable":true,"href":"https:\/\/www.redenoticia.com.br\/noticia\/wp-json\/wp\/v2\/users\/2"}],"replies":[{"embeddable":true,"href":"https:\/\/www.redenoticia.com.br\/noticia\/wp-json\/wp\/v2\/comments?post=63934"}],"version-history":[{"count":0,"href":"https:\/\/www.redenoticia.com.br\/noticia\/wp-json\/wp\/v2\/posts\/63934\/revisions"}],"wp:featuredmedia":[{"embeddable":true,"href":"https:\/\/www.redenoticia.com.br\/noticia\/wp-json\/wp\/v2\/media\/32410"}],"wp:attachment":[{"href":"https:\/\/www.redenoticia.com.br\/noticia\/wp-json\/wp\/v2\/media?parent=63934"}],"wp:term":[{"taxonomy":"category","embeddable":true,"href":"https:\/\/www.redenoticia.com.br\/noticia\/wp-json\/wp\/v2\/categories?post=63934"},{"taxonomy":"post_tag","embeddable":true,"href":"https:\/\/www.redenoticia.com.br\/noticia\/wp-json\/wp\/v2\/tags?post=63934"}],"curies":[{"name":"wp","href":"https:\/\/api.w.org\/{rel}","templated":true}]}}