{"id":63932,"date":"2014-12-18T14:47:03","date_gmt":"2014-12-18T16:47:03","guid":{"rendered":"http:\/\/www.redenoticia.com.br\/noticia\/?p=63932"},"modified":"2014-12-18T14:47:03","modified_gmt":"2014-12-18T16:47:03","slug":"inpe-alerta-para-aumento-da-incidencia-de-raios-em-regioes-do-brasil","status":"publish","type":"post","link":"https:\/\/www.redenoticia.com.br\/noticia\/2014\/inpe-alerta-para-aumento-da-incidencia-de-raios-em-regioes-do-brasil\/63932","title":{"rendered":"Inpe alerta para aumento da incid\u00eancia de raios em regi\u00f5es do Brasil"},"content":{"rendered":"<p>Ag\u00eancia FAPESP \u2013 O Grupo de Eletricidade Atmosf\u00e9rica (Elat) do Instituto Nacional de Pesquisas Espaciais (Inpe) divulgou informa\u00e7\u00f5es sobre o in\u00edcio da temporada de chuvas no Brasil, de outubro a mar\u00e7o, e alertou para o aumento da <strong><em>incid\u00eancia de raios<\/em><\/strong> nas regi\u00f5es Sul, Nordeste e Norte.<\/p>\n<p>A eleva\u00e7\u00e3o no n\u00famero de descargas dever\u00e1 ocorrer especialmente no final do ver\u00e3o. J\u00e1 as regi\u00f5es Sudeste e Centro-Oeste dever\u00e3o receber raios em incid\u00eancia levemente abaixo da m\u00e9dia.<\/p>\n<p>O Elat tamb\u00e9m levantou dados sobre mortes causadas por raios em 2014. At\u00e9 a primeira metade de novembro, 84 pessoas morreram em decorr\u00eancia do fen\u00f4meno. O n\u00famero \u00e9 um pouco inferior ao registrado neste mesmo per\u00edodo do ano passado, 88.<\/p>\n<p>Ainda de acordo com o grupo, morreram mais pessoas durante atividades agropecu\u00e1rias (29%) e dentro de casa (18%), o que indica um desconhecimento dos riscos durante tempestades. H\u00e1 mais v\u00edtimas do sexo masculino (89%) e que viviam em \u00e1reas rurais (56%).<\/p>\n<p>Para auxiliar a popula\u00e7\u00e3o a se informar sobre a incid\u00eancia de raios e os cuidados que devem ser tomados, o Elat reformulou seu site, com novo visual e conte\u00fado ampliado. De acordo com o grupo, o projeto foi desenvolvido para tornar ainda mais acess\u00edveis os dados sobre raios e tempestades tanto para pesquisadores e estudantes como para o p\u00fablico leigo.<\/p>\n<p>Um dos destaques \u00e9 a nova ferramenta de busca da m\u00e9dia anual de concentra\u00e7\u00e3o de raios em cidades brasileiras. \u00c9 poss\u00edvel fazer compara\u00e7\u00f5es entre munic\u00edpios e entender como cada local \u00e9 atingido.<\/p>\n<p>Ainda com o objetivo de divulgar informa\u00e7\u00f5es para minimizar acidentes, o Elat lan\u00e7ou tamb\u00e9m em DVD o filme Fragmentos de Paix\u00e3o, longa de 2013 sobre o assunto, dispon\u00edvel para compra no site .<\/p>\n<p>Tamb\u00e9m foi criado um concurso de fotografias de raios, que durar\u00e1 todo o ano de 2015. A proposta \u00e9 divulgar as melhores fotos de cada m\u00eas no novo site e, no fim do ano, escolher a imagem mais impressionante, que ter\u00e1 destaque em todos os canais de comunica\u00e7\u00e3o do grupo.<\/p>\n<p>Mais informa\u00e7\u00f5es em .<\/p>\n","protected":false},"excerpt":{"rendered":"<p>Ag\u00eancia FAPESP \u2013 O Grupo de Eletricidade Atmosf\u00e9rica (Elat) do Instituto Nacional de Pesquisas Espaciais (Inpe) divulgou informa\u00e7\u00f5es sobre o in\u00edcio da temporada de chuvas no Brasil, de outubro a mar\u00e7o, e alertou para o aumento da incid\u00eancia de raios nas regi\u00f5es Sul, Nordeste e Norte. A eleva\u00e7\u00e3o no n\u00famero de descargas dever\u00e1 ocorrer especialmente [&hellip;]<\/p>\n","protected":false},"author":2,"featured_media":21112,"comment_status":"open","ping_status":"closed","sticky":false,"template":"","format":"standard","meta":{"_genesis_hide_title":false,"_genesis_hide_breadcrumbs":false,"_genesis_hide_singular_image":false,"_genesis_hide_footer_widgets":false,"_genesis_custom_body_class":"","_genesis_custom_post_class":"","_genesis_layout":"","_jetpack_memberships_contains_paid_content":false,"footnotes":""},"categories":[22],"tags":[],"class_list":{"0":"post-63932","1":"post","2":"type-post","3":"status-publish","4":"format-standard","5":"has-post-thumbnail","7":"category-brasil","8":"entry","9":"gs-1","10":"gs-odd","11":"gs-even","12":"gs-featured-content-entry"},"jetpack_featured_media_url":"https:\/\/www.redenoticia.com.br\/noticia\/imagens\/previsao-tempo-chuva-forte.jpg","jetpack_sharing_enabled":true,"jetpack_likes_enabled":true,"_links":{"self":[{"href":"https:\/\/www.redenoticia.com.br\/noticia\/wp-json\/wp\/v2\/posts\/63932","targetHints":{"allow":["GET"]}}],"collection":[{"href":"https:\/\/www.redenoticia.com.br\/noticia\/wp-json\/wp\/v2\/posts"}],"about":[{"href":"https:\/\/www.redenoticia.com.br\/noticia\/wp-json\/wp\/v2\/types\/post"}],"author":[{"embeddable":true,"href":"https:\/\/www.redenoticia.com.br\/noticia\/wp-json\/wp\/v2\/users\/2"}],"replies":[{"embeddable":true,"href":"https:\/\/www.redenoticia.com.br\/noticia\/wp-json\/wp\/v2\/comments?post=63932"}],"version-history":[{"count":0,"href":"https:\/\/www.redenoticia.com.br\/noticia\/wp-json\/wp\/v2\/posts\/63932\/revisions"}],"wp:featuredmedia":[{"embeddable":true,"href":"https:\/\/www.redenoticia.com.br\/noticia\/wp-json\/wp\/v2\/media\/21112"}],"wp:attachment":[{"href":"https:\/\/www.redenoticia.com.br\/noticia\/wp-json\/wp\/v2\/media?parent=63932"}],"wp:term":[{"taxonomy":"category","embeddable":true,"href":"https:\/\/www.redenoticia.com.br\/noticia\/wp-json\/wp\/v2\/categories?post=63932"},{"taxonomy":"post_tag","embeddable":true,"href":"https:\/\/www.redenoticia.com.br\/noticia\/wp-json\/wp\/v2\/tags?post=63932"}],"curies":[{"name":"wp","href":"https:\/\/api.w.org\/{rel}","templated":true}]}}