{"id":63890,"date":"2014-12-17T15:07:48","date_gmt":"2014-12-17T17:07:48","guid":{"rendered":"http:\/\/www.redenoticia.com.br\/noticia\/?p=63890"},"modified":"2014-12-17T15:07:48","modified_gmt":"2014-12-17T17:07:48","slug":"fgv-aponta-que-economia-brasileira-deve-crescer-menos-em-2015","status":"publish","type":"post","link":"https:\/\/www.redenoticia.com.br\/noticia\/2014\/fgv-aponta-que-economia-brasileira-deve-crescer-menos-em-2015\/63890","title":{"rendered":"FGV aponta que economia brasileira deve crescer menos em 2015"},"content":{"rendered":"<p> O desempenho da <strong><em>atividade econ\u00f4mica <\/em><\/strong>brasileira dever\u00e1 ser pior em 2015 do que este ano, segundo dois indicadores elaborados em conjunto pelo Instituto Brasileiro de Economia da Funda\u00e7\u00e3o Getulio Vargas (Ibre-FGV) e a entidade norte-americana The Conference Board.<\/p>\n<p>O Indicador Antecedente Composto da Economia (Iace) para o Brasil apresentou queda de 1,2% em novembro ao alcan\u00e7ar 119,1 pontos, depois de ligeiro aumento (0,2%) em outubro e recuo (-0,4%) em setembro.<\/p>\n<p>O \u00edndice \u00e9 calculado com base em componentes que incluem o Ibovespa, a taxa referencial de swaps DI pr\u00e9-fixada (360 dias), os \u00edndices de expectativas da ind\u00fastria, dos servi\u00e7os, e dos consumidores, o \u00cdndice de Produ\u00e7\u00e3o F\u00edsica de Bens de Consumo Dur\u00e1veis e os \u00edndices de termos de troca de exporta\u00e7\u00f5es da Funda\u00e7\u00e3o Centro de Estudos do Com\u00e9rcio Exterior (Funcex).<\/p>\n<p>Para o economista Paulo Picchetti, do Ibre-FGV, essa redu\u00e7\u00e3o aponta para um cen\u00e1rio de baixa atividade econ\u00f4mica e reflete as incertezas geradas diante do processo eleitoral com mudan\u00e7as na equipe econ\u00f4mica e tamb\u00e9m os dados econ\u00f4micos que t\u00eam sido registrados. &#8220;O aperto fiscal anunciado recentemente para 2015, apesar de necess\u00e1rio, provavelmente restringir\u00e1 o crescimento econ\u00f4mico no curto prazo\u201d, disse ele. Picchetti acredita que a retomada da recupera\u00e7\u00e3o s\u00f3 vir\u00e1 em 2016.<\/p>\n<p>&#8220;O cont\u00ednuo enfraquecimento do indicador reflete os desafios que a economia brasileira encara tanto no \u00e2mbito interno quanto internacionalmente,&#8221; definiu Ataman Ozyildirim, economista do The Conference Board.<\/p>\n<p>Quanto ao levantamento sobre o Indicador Coincidente Composto da Economia (ICCE) do Brasil, que mede as condi\u00e7\u00f5es econ\u00f4micas atuais, o resultado mostra estabilidade com 127,8 pontos, ap\u00f3s um crescimento de 0,2% em outubro e queda de 0,1% em setembro.<\/p>\n<p>Marli Moreira \u2013 Rep\u00f3rter da Ag\u00eancia Brasil<br \/>\nEdi\u00e7\u00e3o: Denise Griesinger<\/p>\n","protected":false},"excerpt":{"rendered":"<p>O desempenho da atividade econ\u00f4mica brasileira dever\u00e1 ser pior em 2015 do que este ano, segundo dois indicadores elaborados em conjunto pelo Instituto Brasileiro de Economia da Funda\u00e7\u00e3o Getulio Vargas (Ibre-FGV) e a entidade norte-americana The Conference Board. O Indicador Antecedente Composto da Economia (Iace) para o Brasil apresentou queda de 1,2% em novembro ao [&hellip;]<\/p>\n","protected":false},"author":2,"featured_media":57584,"comment_status":"open","ping_status":"closed","sticky":false,"template":"","format":"standard","meta":{"_genesis_hide_title":false,"_genesis_hide_breadcrumbs":false,"_genesis_hide_singular_image":false,"_genesis_hide_footer_widgets":false,"_genesis_custom_body_class":"","_genesis_custom_post_class":"","_genesis_layout":"","_jetpack_memberships_contains_paid_content":false,"footnotes":""},"categories":[22,7],"tags":[],"class_list":{"0":"post-63890","1":"post","2":"type-post","3":"status-publish","4":"format-standard","5":"has-post-thumbnail","7":"category-brasil","8":"category-economia","9":"entry","10":"gs-1","11":"gs-odd","12":"gs-even","13":"gs-featured-content-entry"},"jetpack_featured_media_url":"https:\/\/www.redenoticia.com.br\/noticia\/imagens\/economia-grafica-analise-inflacao.jpg","jetpack_sharing_enabled":true,"jetpack_likes_enabled":true,"_links":{"self":[{"href":"https:\/\/www.redenoticia.com.br\/noticia\/wp-json\/wp\/v2\/posts\/63890","targetHints":{"allow":["GET"]}}],"collection":[{"href":"https:\/\/www.redenoticia.com.br\/noticia\/wp-json\/wp\/v2\/posts"}],"about":[{"href":"https:\/\/www.redenoticia.com.br\/noticia\/wp-json\/wp\/v2\/types\/post"}],"author":[{"embeddable":true,"href":"https:\/\/www.redenoticia.com.br\/noticia\/wp-json\/wp\/v2\/users\/2"}],"replies":[{"embeddable":true,"href":"https:\/\/www.redenoticia.com.br\/noticia\/wp-json\/wp\/v2\/comments?post=63890"}],"version-history":[{"count":0,"href":"https:\/\/www.redenoticia.com.br\/noticia\/wp-json\/wp\/v2\/posts\/63890\/revisions"}],"wp:featuredmedia":[{"embeddable":true,"href":"https:\/\/www.redenoticia.com.br\/noticia\/wp-json\/wp\/v2\/media\/57584"}],"wp:attachment":[{"href":"https:\/\/www.redenoticia.com.br\/noticia\/wp-json\/wp\/v2\/media?parent=63890"}],"wp:term":[{"taxonomy":"category","embeddable":true,"href":"https:\/\/www.redenoticia.com.br\/noticia\/wp-json\/wp\/v2\/categories?post=63890"},{"taxonomy":"post_tag","embeddable":true,"href":"https:\/\/www.redenoticia.com.br\/noticia\/wp-json\/wp\/v2\/tags?post=63890"}],"curies":[{"name":"wp","href":"https:\/\/api.w.org\/{rel}","templated":true}]}}