{"id":63888,"date":"2014-12-17T15:06:20","date_gmt":"2014-12-17T17:06:20","guid":{"rendered":"http:\/\/www.redenoticia.com.br\/noticia\/?p=63888"},"modified":"2014-12-17T15:06:20","modified_gmt":"2014-12-17T17:06:20","slug":"intencao-de-consumo-das-familias-volta-a-cair","status":"publish","type":"post","link":"https:\/\/www.redenoticia.com.br\/noticia\/2014\/intencao-de-consumo-das-familias-volta-a-cair\/63888","title":{"rendered":"Inten\u00e7\u00e3o de consumo das fam\u00edlias volta a cair"},"content":{"rendered":"<p> A <strong><em>Inten\u00e7\u00e3o de Consumo<\/em><\/strong> das Fam\u00edlias caiu 0,9% em dezembro deste ano na compara\u00e7\u00e3o com o m\u00eas anterior. \u00c9 a terceira queda consecutiva do indicador, depois de uma melhora verificada entre junho e setembro, informou a Confedera\u00e7\u00e3o Nacional do Com\u00e9rcio de Bens, Servi\u00e7os e Turismo (CNC). Em rela\u00e7\u00e3o a dezembro de 2013, a queda chega a 7,7%.<\/p>\n<p>Dos sete componentes analisados, as fam\u00edlias est\u00e3o um pouco mais confiantes na expectativa profissional (2,6%) e nas compras a prazo (0,6%), emboras as compras estejam sendo afetadas pelo \u201celevado custo do cr\u00e9dito\u201d e pelo \u201calto n\u00edvel de endividamento\u201d. Os demais indicadores, como perspectiva de consumo (-2,7%) e compra de dur\u00e1veis (-3,4%), est\u00e3o em queda.<\/p>\n<p>De acordo com a CNC, a taxa de juros para o consumidor, estabelecida pelo Banco Central, e o aumento da infla\u00e7\u00e3o t\u00eam prejudicado as compras a prazo, gerando \u201cencarecimento de empr\u00e9stimos e diminui\u00e7\u00e3o da disposi\u00e7\u00e3o para adquirir bens dur\u00e1veis\u201d.<\/p>\n<p>A pesquisa tamb\u00e9m revelou que o n\u00edvel de confian\u00e7a das fam\u00edlias com renda abaixo de dez sal\u00e1rios m\u00ednimos caiu 0,7%, na compara\u00e7\u00e3o com novembro deste ano, enquanto a redu\u00e7\u00e3o da inten\u00e7\u00e3o do consumo das fam\u00edlias com renda acima de dez sal\u00e1rios m\u00ednimos ficou em 1,7%.<\/p>\n<p>Por regi\u00f5es, a maior retra\u00e7\u00e3o nas expectativas foi identificada no Sul, de 4,2%. J\u00e1 a melhor avalia\u00e7\u00e3o foi verificada na Regi\u00e3o Norte, com aumento da disposi\u00e7\u00e3o para as compras em 0,2%.<\/p>\n<p>Isabela Vieira &#8211; Rep\u00f3rter da Ag\u00eancia Brasil<br \/>\nEdi\u00e7\u00e3o: Juliana Andrade<\/p>\n","protected":false},"excerpt":{"rendered":"<p>A Inten\u00e7\u00e3o de Consumo das Fam\u00edlias caiu 0,9% em dezembro deste ano na compara\u00e7\u00e3o com o m\u00eas anterior. \u00c9 a terceira queda consecutiva do indicador, depois de uma melhora verificada entre junho e setembro, informou a Confedera\u00e7\u00e3o Nacional do Com\u00e9rcio de Bens, Servi\u00e7os e Turismo (CNC). Em rela\u00e7\u00e3o a dezembro de 2013, a queda chega [&hellip;]<\/p>\n","protected":false},"author":2,"featured_media":57583,"comment_status":"open","ping_status":"closed","sticky":false,"template":"","format":"standard","meta":{"_genesis_hide_title":false,"_genesis_hide_breadcrumbs":false,"_genesis_hide_singular_image":false,"_genesis_hide_footer_widgets":false,"_genesis_custom_body_class":"","_genesis_custom_post_class":"","_genesis_layout":"","_jetpack_memberships_contains_paid_content":false,"footnotes":""},"categories":[22,7],"tags":[],"class_list":{"0":"post-63888","1":"post","2":"type-post","3":"status-publish","4":"format-standard","5":"has-post-thumbnail","7":"category-brasil","8":"category-economia","9":"entry","10":"gs-1","11":"gs-odd","12":"gs-even","13":"gs-featured-content-entry"},"jetpack_featured_media_url":"https:\/\/www.redenoticia.com.br\/noticia\/imagens\/economia-grafico.jpg","jetpack_sharing_enabled":true,"jetpack_likes_enabled":true,"_links":{"self":[{"href":"https:\/\/www.redenoticia.com.br\/noticia\/wp-json\/wp\/v2\/posts\/63888","targetHints":{"allow":["GET"]}}],"collection":[{"href":"https:\/\/www.redenoticia.com.br\/noticia\/wp-json\/wp\/v2\/posts"}],"about":[{"href":"https:\/\/www.redenoticia.com.br\/noticia\/wp-json\/wp\/v2\/types\/post"}],"author":[{"embeddable":true,"href":"https:\/\/www.redenoticia.com.br\/noticia\/wp-json\/wp\/v2\/users\/2"}],"replies":[{"embeddable":true,"href":"https:\/\/www.redenoticia.com.br\/noticia\/wp-json\/wp\/v2\/comments?post=63888"}],"version-history":[{"count":0,"href":"https:\/\/www.redenoticia.com.br\/noticia\/wp-json\/wp\/v2\/posts\/63888\/revisions"}],"wp:featuredmedia":[{"embeddable":true,"href":"https:\/\/www.redenoticia.com.br\/noticia\/wp-json\/wp\/v2\/media\/57583"}],"wp:attachment":[{"href":"https:\/\/www.redenoticia.com.br\/noticia\/wp-json\/wp\/v2\/media?parent=63888"}],"wp:term":[{"taxonomy":"category","embeddable":true,"href":"https:\/\/www.redenoticia.com.br\/noticia\/wp-json\/wp\/v2\/categories?post=63888"},{"taxonomy":"post_tag","embeddable":true,"href":"https:\/\/www.redenoticia.com.br\/noticia\/wp-json\/wp\/v2\/tags?post=63888"}],"curies":[{"name":"wp","href":"https:\/\/api.w.org\/{rel}","templated":true}]}}