{"id":63886,"date":"2014-12-17T15:04:41","date_gmt":"2014-12-17T17:04:41","guid":{"rendered":"http:\/\/www.redenoticia.com.br\/noticia\/?p=63886"},"modified":"2014-12-17T15:04:41","modified_gmt":"2014-12-17T17:04:41","slug":"saida-de-dolares-do-pais-supera-entrada-em-us-24-bi-em-dezembro-ate-dia-12","status":"publish","type":"post","link":"https:\/\/www.redenoticia.com.br\/noticia\/2014\/saida-de-dolares-do-pais-supera-entrada-em-us-24-bi-em-dezembro-ate-dia-12\/63886","title":{"rendered":"Sa\u00edda de d\u00f3lares do pa\u00eds supera entrada em US$ 2,4 bi em dezembro, at\u00e9 dia 12"},"content":{"rendered":"<p> O saldo da entrada e sa\u00edda de d\u00f3lares do pa\u00eds, o <strong><em>fluxo cambial<\/em><\/strong>, est\u00e1 negativo neste m\u00eas. De acordo com dados parciais do Banco Central (BC), em dezembro, at\u00e9 a \u00faltima sexta-feira (12), as sa\u00eddas de d\u00f3lares superaram as entradas em US$ 2,412 bilh\u00f5es.<\/p>\n<p>A maior parte do saldo negativo vem do segmento financeiro (investimentos em t\u00edtulos, remessas de lucros e dividendos ao exterior e investimentos estrangeiros diretos, entre outras opera\u00e7\u00f5es), com sa\u00eddas maiores que as entradas em US$ 3,552 bilh\u00f5es, informou a autoridade financeira.<\/p>\n<p>O segmento comercial (opera\u00e7\u00f5es de c\u00e2mbio relacionadas a exporta\u00e7\u00f5es e importa\u00e7\u00f5es) registra saldo positivo de US$ 1,140 bilh\u00e3o.<\/p>\n<p>Daniel Lima &#8211; Rep\u00f3rter da Ag\u00eancia Brasil<br \/>\nEdi\u00e7\u00e3o: Juliana Andrade<\/p>\n<p>&#8212;<br \/>\nConhe\u00e7a Seu Direito<\/p>\n<p>A Lei n\u00ba 12.527\/2011 regulamenta o direito constitucional de obter informa\u00e7\u00f5es p\u00fablicas. Essa norma entrou em vigor em 16 de maio de 2012 e criou mecanismos que possibilitam a qualquer pessoa, f\u00edsica ou jur\u00eddica, sem necessidade de apresentar motivo, o recebimento de informa\u00e7\u00f5es p\u00fablicas dos \u00f3rg\u00e3os e entidades.<\/p>\n<p>A Lei vale para os tr\u00eas Poderes da Uni\u00e3o, Estados, Distrito Federal e Munic\u00edpios, inclusive aos Tribunais de Conta e Minist\u00e9rio P\u00fablico. Entidades privadas sem fins lucrativos tamb\u00e9m s\u00e3o obrigadas a dar publicidade a informa\u00e7\u00f5es referentes ao recebimento e \u00e0 destina\u00e7\u00e3o dos recursos p\u00fablicos por elas recebidos.<\/p>\n<p>No Governo Federal, a Lei de Acesso \u00e0 Informa\u00e7\u00e3o foi regulamentada pelo Decreto n\u00ba 7.724\/2012.<\/p>\n","protected":false},"excerpt":{"rendered":"<p>O saldo da entrada e sa\u00edda de d\u00f3lares do pa\u00eds, o fluxo cambial, est\u00e1 negativo neste m\u00eas. De acordo com dados parciais do Banco Central (BC), em dezembro, at\u00e9 a \u00faltima sexta-feira (12), as sa\u00eddas de d\u00f3lares superaram as entradas em US$ 2,412 bilh\u00f5es. A maior parte do saldo negativo vem do segmento financeiro (investimentos [&hellip;]<\/p>\n","protected":false},"author":2,"featured_media":38938,"comment_status":"open","ping_status":"closed","sticky":false,"template":"","format":"standard","meta":{"_genesis_hide_title":false,"_genesis_hide_breadcrumbs":false,"_genesis_hide_singular_image":false,"_genesis_hide_footer_widgets":false,"_genesis_custom_body_class":"","_genesis_custom_post_class":"","_genesis_layout":"","_jetpack_memberships_contains_paid_content":false,"footnotes":""},"categories":[22,7],"tags":[],"class_list":{"0":"post-63886","1":"post","2":"type-post","3":"status-publish","4":"format-standard","5":"has-post-thumbnail","7":"category-brasil","8":"category-economia","9":"entry","10":"gs-1","11":"gs-odd","12":"gs-even","13":"gs-featured-content-entry"},"jetpack_featured_media_url":"https:\/\/www.redenoticia.com.br\/noticia\/imagens\/economia1.jpg","jetpack_sharing_enabled":true,"jetpack_likes_enabled":true,"_links":{"self":[{"href":"https:\/\/www.redenoticia.com.br\/noticia\/wp-json\/wp\/v2\/posts\/63886","targetHints":{"allow":["GET"]}}],"collection":[{"href":"https:\/\/www.redenoticia.com.br\/noticia\/wp-json\/wp\/v2\/posts"}],"about":[{"href":"https:\/\/www.redenoticia.com.br\/noticia\/wp-json\/wp\/v2\/types\/post"}],"author":[{"embeddable":true,"href":"https:\/\/www.redenoticia.com.br\/noticia\/wp-json\/wp\/v2\/users\/2"}],"replies":[{"embeddable":true,"href":"https:\/\/www.redenoticia.com.br\/noticia\/wp-json\/wp\/v2\/comments?post=63886"}],"version-history":[{"count":0,"href":"https:\/\/www.redenoticia.com.br\/noticia\/wp-json\/wp\/v2\/posts\/63886\/revisions"}],"wp:featuredmedia":[{"embeddable":true,"href":"https:\/\/www.redenoticia.com.br\/noticia\/wp-json\/wp\/v2\/media\/38938"}],"wp:attachment":[{"href":"https:\/\/www.redenoticia.com.br\/noticia\/wp-json\/wp\/v2\/media?parent=63886"}],"wp:term":[{"taxonomy":"category","embeddable":true,"href":"https:\/\/www.redenoticia.com.br\/noticia\/wp-json\/wp\/v2\/categories?post=63886"},{"taxonomy":"post_tag","embeddable":true,"href":"https:\/\/www.redenoticia.com.br\/noticia\/wp-json\/wp\/v2\/tags?post=63886"}],"curies":[{"name":"wp","href":"https:\/\/api.w.org\/{rel}","templated":true}]}}