{"id":63884,"date":"2014-12-17T14:59:53","date_gmt":"2014-12-17T16:59:53","guid":{"rendered":"http:\/\/www.redenoticia.com.br\/noticia\/?p=63884"},"modified":"2014-12-17T14:59:53","modified_gmt":"2014-12-17T16:59:53","slug":"receita-suspendera-sistema-do-cnpj-para-implantar-nova-versao-do-cnae","status":"publish","type":"post","link":"https:\/\/www.redenoticia.com.br\/noticia\/2014\/receita-suspendera-sistema-do-cnpj-para-implantar-nova-versao-do-cnae\/63884","title":{"rendered":"Receita suspender\u00e1 sistema do CNPJ para implantar nova vers\u00e3o do CNAE"},"content":{"rendered":"<p>O sistema informatizado do Cadastro Nacional da Pessoa Jur\u00eddica (), da <em><strong>Receita Federal<\/strong><\/em>, ficar\u00e1 fora do ar entre 20 horas do dia 30 de dezembro e 8 horas do dia 5 de janeiro de 2015.<\/p>\n<p>Conforme informou a Receita Federal, a suspens\u00e3o do servi\u00e7o \u00e9 para a implanta\u00e7\u00e3o de nova vers\u00e3o da Classifica\u00e7\u00e3o Nacional de Atividades Econ\u00f4micas () , que estar\u00e1 vigorando a partir de 1\u00ba de janeiro.<\/p>\n<p>Com a opera\u00e7\u00e3o, ficar\u00e3o indispon\u00edveis as bases do CNPJ para atualiza\u00e7\u00f5es cadastrais, os aplicativos do CNPJ e do MEI (Portal do Empreendedor).<\/p>\n<p>A Receita informou, ainda, que ser\u00e3o canceladas, de of\u00edcio, todas as solicita\u00e7\u00f5es envolvendo qualquer uma das CNAE alteradas ou extintas. O contribuinte ser\u00e1 orientado a refazer a solicita\u00e7\u00e3o.<\/p>\n<p>Daniel Lima &#8211; Rep\u00f3rter da Ag\u00eancia Brasil<br \/>\nEdi\u00e7\u00e3o: Armando Cardoso<\/p>\n<p>&#8212;<br \/>\nCadastro Nacional da Pessoa Jur\u00eddica (CNPJ)<\/p>\n<p>O CNPJ compreende as informa\u00e7\u00f5es cadastrais das entidades de interesse das administra\u00e7\u00f5es tribut\u00e1rias da Uni\u00e3o, dos Estados, do Distrito Federal e dos Munic\u00edpios.<\/p>\n<p>A administra\u00e7\u00e3o do CNPJ compete \u00e0 Secretaria da Receita Federal do Brasil (RFB).<\/p>\n","protected":false},"excerpt":{"rendered":"<p>O sistema informatizado do Cadastro Nacional da Pessoa Jur\u00eddica (), da Receita Federal, ficar\u00e1 fora do ar entre 20 horas do dia 30 de dezembro e 8 horas do dia 5 de janeiro de 2015. Conforme informou a Receita Federal, a suspens\u00e3o do servi\u00e7o \u00e9 para a implanta\u00e7\u00e3o de nova vers\u00e3o da Classifica\u00e7\u00e3o Nacional de [&hellip;]<\/p>\n","protected":false},"author":2,"featured_media":23889,"comment_status":"open","ping_status":"closed","sticky":false,"template":"","format":"standard","meta":{"_genesis_hide_title":false,"_genesis_hide_breadcrumbs":false,"_genesis_hide_singular_image":false,"_genesis_hide_footer_widgets":false,"_genesis_custom_body_class":"","_genesis_custom_post_class":"","_genesis_layout":"","_jetpack_memberships_contains_paid_content":false,"footnotes":""},"categories":[22],"tags":[],"class_list":{"0":"post-63884","1":"post","2":"type-post","3":"status-publish","4":"format-standard","5":"has-post-thumbnail","7":"category-brasil","8":"entry","9":"gs-1","10":"gs-odd","11":"gs-even","12":"gs-featured-content-entry"},"jetpack_featured_media_url":"https:\/\/www.redenoticia.com.br\/noticia\/imagens\/receita-federal-irpf-2010.jpg","jetpack_sharing_enabled":true,"jetpack_likes_enabled":true,"_links":{"self":[{"href":"https:\/\/www.redenoticia.com.br\/noticia\/wp-json\/wp\/v2\/posts\/63884","targetHints":{"allow":["GET"]}}],"collection":[{"href":"https:\/\/www.redenoticia.com.br\/noticia\/wp-json\/wp\/v2\/posts"}],"about":[{"href":"https:\/\/www.redenoticia.com.br\/noticia\/wp-json\/wp\/v2\/types\/post"}],"author":[{"embeddable":true,"href":"https:\/\/www.redenoticia.com.br\/noticia\/wp-json\/wp\/v2\/users\/2"}],"replies":[{"embeddable":true,"href":"https:\/\/www.redenoticia.com.br\/noticia\/wp-json\/wp\/v2\/comments?post=63884"}],"version-history":[{"count":0,"href":"https:\/\/www.redenoticia.com.br\/noticia\/wp-json\/wp\/v2\/posts\/63884\/revisions"}],"wp:featuredmedia":[{"embeddable":true,"href":"https:\/\/www.redenoticia.com.br\/noticia\/wp-json\/wp\/v2\/media\/23889"}],"wp:attachment":[{"href":"https:\/\/www.redenoticia.com.br\/noticia\/wp-json\/wp\/v2\/media?parent=63884"}],"wp:term":[{"taxonomy":"category","embeddable":true,"href":"https:\/\/www.redenoticia.com.br\/noticia\/wp-json\/wp\/v2\/categories?post=63884"},{"taxonomy":"post_tag","embeddable":true,"href":"https:\/\/www.redenoticia.com.br\/noticia\/wp-json\/wp\/v2\/tags?post=63884"}],"curies":[{"name":"wp","href":"https:\/\/api.w.org\/{rel}","templated":true}]}}