{"id":63880,"date":"2014-12-17T14:52:35","date_gmt":"2014-12-17T16:52:35","guid":{"rendered":"http:\/\/www.redenoticia.com.br\/noticia\/?p=63880"},"modified":"2014-12-17T14:52:35","modified_gmt":"2014-12-17T16:52:35","slug":"turismo-a-baixo-custo-roda-sp-vai-percorrer-quatro-rotas-neste-verao","status":"publish","type":"post","link":"https:\/\/www.redenoticia.com.br\/noticia\/2014\/turismo-a-baixo-custo-roda-sp-vai-percorrer-quatro-rotas-neste-verao\/63880","title":{"rendered":"Turismo a baixo custo: Roda SP vai percorrer quatro rotas neste ver\u00e3o"},"content":{"rendered":"<p>Entre o dia 2 de janeiro at\u00e9 o dia 1\u00ba de mar\u00e7o, turistas e moradores do litoral paulista podem viajar a bordo do \u00f4nibus do programa <em><strong>Roda SP<\/strong><\/em> por um pre\u00e7o \u00fanico de R$10. As rotas programadas para esta temporada s\u00e3o Bem Receber, Navegantes, Caminhos do Mar e Calor no Cora\u00e7\u00e3o. O usu\u00e1rio viaja o dia todo com um s\u00f3 ingresso, v\u00e1lido 24 horas, e pode descer em v\u00e1rios trechos do itiner\u00e1rio, de acordo com a rota que escolheu, e subir novamente quando quiser.<\/p>\n<p>Ao todo, 26 ve\u00edculos entre \u00f4nibus, vans, inclusive com double-deck, far\u00e3o a integra\u00e7\u00e3o tur\u00edstica entre nove munic\u00edpios da Regi\u00e3o Metropolitana da Baixada Santista: Santos, S\u00e3o Vicente, Praia Grande, Mongagu\u00e1, Itanha\u00e9m, Peru\u00edbe, Guaruj\u00e1, Cubat\u00e3o e Bertioga neste ver\u00e3o. Vale ressaltar que n\u00e3o h\u00e1 venda antecipada de ingresso e o mesmo deve ser adquirido nos pr\u00f3prios ve\u00edculos.<br \/>\nVeja as rotas preparadas exclusivamente para este ver\u00e3o:<\/p>\n<p>Bem Receber: Santos, S\u00e3o Vicente e Praia Grande<br \/>\n1 &#8211; Portinho \u2013 Praia Grande<br \/>\n2 &#8211; Biquinha \u2013 S\u00e3o Vicente<br \/>\n3 &#8211; Telef\u00e9rico \/ Zool\u00f3gico \/ Ilha Porchat \u2013 S\u00e3o Vicente<br \/>\n4 &#8211; \u00a0Orquid\u00e1rio \u2013 Santos<br \/>\n5 \u2013 Aqu\u00e1rio<br \/>\n6 \u2013 Pontas da Praia \/ Balsa Santos-Guaruj\u00e1<\/p>\n<p>Navegantes: Guaruj\u00e1 e Bertioga<br \/>\n1 \u2013 Balsa Guaruj\u00e1 \/ Santos<br \/>\n2 \u2013 Fortaleza da Barra \u2013 Guaruj\u00e1<br \/>\n3 \u2013 Praia do Tombo<br \/>\n4 \u2013 Praia das Pitangueiras<br \/>\n5 \u2013 Acqua Mundo \/ Praia da Enseada<br \/>\n6 \u2013 Praia de Pernambuco \/ Ilha do Mar Casado<br \/>\n7 \u2013 Praia Branca \/ Balsa Guaruj\u00e1 \u2013 Bertioga<br \/>\n8 \u2013 Cal\u00e7ad\u00e3o do Canal \u2013 Bertioga<br \/>\n9 \u2013 Forte S\u00e3o Jo\u00e3o \u2013 Bertioga<br \/>\n10 \u2013 Rio da Praia \/ Feira de Artesanato \u00a0\u2013 Bertioga<br \/>\n11 \u2013 Riviera de S\u00e3o Louren\u00e7o \u2013 Bertioga<br \/>\n12 \u2013 Caminho das Ostras &#8211; Bertioga<br \/>\n13 \u2013 Canto do Itagu\u00e1 \u2013 Bertioga<\/p>\n<p>Caminhos do Mar: Praia Grande, S\u00e3o Vicente, Santos e Cubat\u00e3o<br \/>\n1 &#8211; Portinho \u2013 Praia Grande<br \/>\n2 &#8211; Biquinha \u2013 S\u00e3o Vicente<br \/>\n3 &#8211; Telef\u00e9rico \/ Zool\u00f3gico \/ Ilha Porchat \u2013 S\u00e3o Vicente<br \/>\n4 &#8211; \u00a0Orquid\u00e1rio \u2013 Santos<br \/>\n5 \u2013 Vila Belmiro \/ Memorial das Conquistas \u2013 Santos<br \/>\n6 \u2013 Museu Pel\u00e9 \/ Santu\u00e1rio Santo Ant\u00f4nio do Valongo \/ Museu do Caf\u00e9<br \/>\n7 \u2013 Parque Novo Anilinas \u2013 Cubat\u00e3o<br \/>\n8 \u2013 PESM N\u00facleo Itutinga Pil\u00f5es<br \/>\n9 \u2013 Caminhos do Mar<\/p>\n<p>Calor no Cora\u00e7\u00e3o: Praia Grande, Mongagu\u00e1, Itanha\u00e9m e Peru\u00edbe<br \/>\n1 \u2013 Portinho \u2013 Praia Grande<br \/>\n2 \u2013 Praia do Boqueir\u00e3o \/ Pra\u00e7a da Paz \u2013 Praia Grande<br \/>\n3 \u2013 Praia de Ocian \/ Estatua de Netuno \u2013 Praia Grande<br \/>\n3 \u2013 Po\u00e7o das Antas \/ Igreja Matriz \u2013 Mongagu\u00e1<br \/>\n4 &#8211; Cama de Anchieta \/ Pain\u00e9is de Anchieta &#8211; Itanha\u00e9m<br \/>\n5 \u2013 Plataforma Mar\u00edtima de Pesca \/ Parque Ecol\u00f3gico A Tribuna &#8211; Mongagu\u00e1<br \/>\n6 \u2013 Igreja Matriz Sant\u2019Anna \/ Convento Nossa Senhora da Concei\u00e7\u00e3o &#8211; Itanha\u00e9m<br \/>\n7 \u2013 Ru\u00ednas de Abarebeb\u00ea \u2013 Peru\u00edbe<br \/>\n8 \u2013 Praia do Centro \u2013 Peru\u00edbe<br \/>\n9 \u2013 Lam\u00e1rio \/ Aqu\u00e1rio \/ Mercado de Peixes \u2013 Peru\u00edbe<\/p>\n<p>SERVI\u00c7O<br \/>\nRoda SP &#8211; temporada de ver\u00e3o 2015<br \/>\nEntre o dia 2 de janeiro at\u00e9 o dia 1\u00ba de mar\u00e7o<br \/>\nPre\u00e7o \u00fanico de R$10<br \/>\nN\u00e3o h\u00e1 venda antecipada de ingressos\/ Devem ser adquiridos nos pr\u00f3prios ve\u00edculos<br \/>\nIngressos v\u00e1lidos 24 horas<br \/>\nMais informa\u00e7\u00f5es\u00a0<\/p>\n<p>Do Portal do Governo do Estado<\/p>\n","protected":false},"excerpt":{"rendered":"<p>Entre o dia 2 de janeiro at\u00e9 o dia 1\u00ba de mar\u00e7o, turistas e moradores do litoral paulista podem viajar a bordo do \u00f4nibus do programa Roda SP por um pre\u00e7o \u00fanico de R$10. As rotas programadas para esta temporada s\u00e3o Bem Receber, Navegantes, Caminhos do Mar e Calor no Cora\u00e7\u00e3o. O usu\u00e1rio viaja o [&hellip;]<\/p>\n","protected":false},"author":2,"featured_media":39993,"comment_status":"open","ping_status":"closed","sticky":false,"template":"","format":"standard","meta":{"_genesis_hide_title":false,"_genesis_hide_breadcrumbs":false,"_genesis_hide_singular_image":false,"_genesis_hide_footer_widgets":false,"_genesis_custom_body_class":"","_genesis_custom_post_class":"","_genesis_layout":"","_jetpack_memberships_contains_paid_content":false,"footnotes":""},"categories":[22],"tags":[],"class_list":{"0":"post-63880","1":"post","2":"type-post","3":"status-publish","4":"format-standard","5":"has-post-thumbnail","7":"category-brasil","8":"entry","9":"gs-1","10":"gs-odd","11":"gs-even","12":"gs-featured-content-entry"},"jetpack_featured_media_url":"https:\/\/www.redenoticia.com.br\/noticia\/imagens\/viagem-turismo-ferias-mapa.jpg","jetpack_sharing_enabled":true,"jetpack_likes_enabled":true,"_links":{"self":[{"href":"https:\/\/www.redenoticia.com.br\/noticia\/wp-json\/wp\/v2\/posts\/63880","targetHints":{"allow":["GET"]}}],"collection":[{"href":"https:\/\/www.redenoticia.com.br\/noticia\/wp-json\/wp\/v2\/posts"}],"about":[{"href":"https:\/\/www.redenoticia.com.br\/noticia\/wp-json\/wp\/v2\/types\/post"}],"author":[{"embeddable":true,"href":"https:\/\/www.redenoticia.com.br\/noticia\/wp-json\/wp\/v2\/users\/2"}],"replies":[{"embeddable":true,"href":"https:\/\/www.redenoticia.com.br\/noticia\/wp-json\/wp\/v2\/comments?post=63880"}],"version-history":[{"count":0,"href":"https:\/\/www.redenoticia.com.br\/noticia\/wp-json\/wp\/v2\/posts\/63880\/revisions"}],"wp:featuredmedia":[{"embeddable":true,"href":"https:\/\/www.redenoticia.com.br\/noticia\/wp-json\/wp\/v2\/media\/39993"}],"wp:attachment":[{"href":"https:\/\/www.redenoticia.com.br\/noticia\/wp-json\/wp\/v2\/media?parent=63880"}],"wp:term":[{"taxonomy":"category","embeddable":true,"href":"https:\/\/www.redenoticia.com.br\/noticia\/wp-json\/wp\/v2\/categories?post=63880"},{"taxonomy":"post_tag","embeddable":true,"href":"https:\/\/www.redenoticia.com.br\/noticia\/wp-json\/wp\/v2\/tags?post=63880"}],"curies":[{"name":"wp","href":"https:\/\/api.w.org\/{rel}","templated":true}]}}