{"id":63878,"date":"2014-12-17T14:49:15","date_gmt":"2014-12-17T16:49:15","guid":{"rendered":"http:\/\/www.redenoticia.com.br\/noticia\/?p=63878"},"modified":"2014-12-17T14:49:15","modified_gmt":"2014-12-17T16:49:15","slug":"neurocientistas-criam-canal-de-videos-de-divulgacao-cientifica-no-youtube","status":"publish","type":"post","link":"https:\/\/www.redenoticia.com.br\/noticia\/2014\/neurocientistas-criam-canal-de-videos-de-divulgacao-cientifica-no-youtube\/63878","title":{"rendered":"Neurocientistas criam canal de v\u00eddeos de divulga\u00e7\u00e3o cient\u00edfica no YouTube"},"content":{"rendered":"<p>Ag\u00eancia FAPESP \u2013 Para disseminar informa\u00e7\u00f5es relacionadas a estudos em neuroci\u00eancia, pesquisadores da \u00e1rea criaram o <em><strong>NeuroChannel<\/strong><\/em>, canal de v\u00eddeos no YouTube gerido pelo comit\u00ea organizador do 9\u00ba Congresso Mundial do C\u00e9rebro, que, em 2015, ser\u00e1 realizado pela International Brain Research Organization (Ibro) no Rio de Janeiro.<\/p>\n<p>Desde abril o canal publica v\u00eddeos curtos sobre temas da neuroci\u00eancia, com legendas em portugu\u00eas e ingl\u00eas, dirigidos a neurocientistas e ao p\u00fablico leigo em geral.<\/p>\n<p>Em um dos v\u00eddeos, Roberto Lent, professor do Instituto de Ci\u00eancias Biom\u00e9dicas da Universidade Federal do Rio de Janeiro (UFRJ), fala sobre o fasc\u00ednio que o c\u00e9rebro exerce sobre as pessoas e m\u00e9todos utilizados para estudar o \u00f3rg\u00e3o.<\/p>\n<p>Os v\u00eddeos tamb\u00e9m trazem pesquisadores estrangeiros. Uma das grava\u00e7\u00f5es aborda o v\u00edcio em drogas, com Barry Everitt, professor da University of Cambridge, no Reino Unido, falando sobre a vulnerabilidade do c\u00e9rebro humano a subst\u00e2ncias estimulantes e refletindo sobre os principais desafios nesse campo.<\/p>\n<p>A iniciativa conta com o apoio da Ibro, da Sociedade Brasileira de Neuroci\u00eancias e Comportamento (SBNeC), do Centro de Estudos e Pesquisas Paulo Niemeyer e do Conselho Nacional de Desenvolvimento Cient\u00edfico e Tecnol\u00f3gico (CNPq).<\/p>\n<p>Al\u00e9m do canal no YouTube, em , o NeuroChannel tem uma p\u00e1gina no Facebook:\u00a0.<\/p>\n","protected":false},"excerpt":{"rendered":"<p>Ag\u00eancia FAPESP \u2013 Para disseminar informa\u00e7\u00f5es relacionadas a estudos em neuroci\u00eancia, pesquisadores da \u00e1rea criaram o NeuroChannel, canal de v\u00eddeos no YouTube gerido pelo comit\u00ea organizador do 9\u00ba Congresso Mundial do C\u00e9rebro, que, em 2015, ser\u00e1 realizado pela International Brain Research Organization (Ibro) no Rio de Janeiro. Desde abril o canal publica v\u00eddeos curtos sobre [&hellip;]<\/p>\n","protected":false},"author":2,"featured_media":57577,"comment_status":"open","ping_status":"closed","sticky":false,"template":"","format":"standard","meta":{"_genesis_hide_title":false,"_genesis_hide_breadcrumbs":false,"_genesis_hide_singular_image":false,"_genesis_hide_footer_widgets":false,"_genesis_custom_body_class":"","_genesis_custom_post_class":"","_genesis_layout":"","_jetpack_memberships_contains_paid_content":false,"footnotes":""},"categories":[22],"tags":[],"class_list":{"0":"post-63878","1":"post","2":"type-post","3":"status-publish","4":"format-standard","5":"has-post-thumbnail","7":"category-brasil","8":"entry","9":"gs-1","10":"gs-odd","11":"gs-even","12":"gs-featured-content-entry"},"jetpack_featured_media_url":"https:\/\/www.redenoticia.com.br\/noticia\/imagens\/tecnologia-inscricao.jpg","jetpack_sharing_enabled":true,"jetpack_likes_enabled":true,"_links":{"self":[{"href":"https:\/\/www.redenoticia.com.br\/noticia\/wp-json\/wp\/v2\/posts\/63878","targetHints":{"allow":["GET"]}}],"collection":[{"href":"https:\/\/www.redenoticia.com.br\/noticia\/wp-json\/wp\/v2\/posts"}],"about":[{"href":"https:\/\/www.redenoticia.com.br\/noticia\/wp-json\/wp\/v2\/types\/post"}],"author":[{"embeddable":true,"href":"https:\/\/www.redenoticia.com.br\/noticia\/wp-json\/wp\/v2\/users\/2"}],"replies":[{"embeddable":true,"href":"https:\/\/www.redenoticia.com.br\/noticia\/wp-json\/wp\/v2\/comments?post=63878"}],"version-history":[{"count":0,"href":"https:\/\/www.redenoticia.com.br\/noticia\/wp-json\/wp\/v2\/posts\/63878\/revisions"}],"wp:featuredmedia":[{"embeddable":true,"href":"https:\/\/www.redenoticia.com.br\/noticia\/wp-json\/wp\/v2\/media\/57577"}],"wp:attachment":[{"href":"https:\/\/www.redenoticia.com.br\/noticia\/wp-json\/wp\/v2\/media?parent=63878"}],"wp:term":[{"taxonomy":"category","embeddable":true,"href":"https:\/\/www.redenoticia.com.br\/noticia\/wp-json\/wp\/v2\/categories?post=63878"},{"taxonomy":"post_tag","embeddable":true,"href":"https:\/\/www.redenoticia.com.br\/noticia\/wp-json\/wp\/v2\/tags?post=63878"}],"curies":[{"name":"wp","href":"https:\/\/api.w.org\/{rel}","templated":true}]}}