{"id":63843,"date":"2014-12-16T15:52:00","date_gmt":"2014-12-16T17:52:00","guid":{"rendered":"http:\/\/www.redenoticia.com.br\/noticia\/?p=63843"},"modified":"2014-12-16T15:52:00","modified_gmt":"2014-12-16T17:52:00","slug":"custo-da-energia-para-a-industria-subira-quase-90-em-tres-anos-diz-firjan","status":"publish","type":"post","link":"https:\/\/www.redenoticia.com.br\/noticia\/2014\/custo-da-energia-para-a-industria-subira-quase-90-em-tres-anos-diz-firjan\/63843","title":{"rendered":"Custo da energia para a ind\u00fastria subir\u00e1 quase 90% em tr\u00eas anos, diz Firjan"},"content":{"rendered":"<p>Com base em quatro cen\u00e1rios que inclu\u00edram a recupera\u00e7\u00e3o dos n\u00edveis dos reservat\u00f3rios somente em 2017 e a continuidade do acionamento de termel\u00e9tricas em 2015 e 2016, a Federa\u00e7\u00e3o das Ind\u00fastrias do Estado do Rio de Janeiro (Firjan) estimou que o <em><strong>custo da energia el\u00e9trica<\/strong><\/em> para a ind\u00fastria brasileira poder\u00e1 atingir, no final do ano que vem, R$ 459,20 por megawatt-hora (MWh), elevando-se a at\u00e9 R$ 493,50 por MWh ao final de 2016.<\/p>\n<p>O estudo Quanto custar\u00e1 a energia el\u00e9trica para a ind\u00fastria no Brasil? levou em conta tamb\u00e9m a inser\u00e7\u00e3o de fontes mais baratas na matriz, conforme definido no Plano Decenal de Expans\u00e3o de Energia, elaborado pela Empresa de Pesquisa Energ\u00e9tica (EPE); e a bandeira tarif\u00e1ria vermelha durante os dois pr\u00f3ximos anos, em fun\u00e7\u00e3o do alto despacho t\u00e9rmico.<\/p>\n<p>Segundo o gerente de Competitividade Industrial e Investimentos da Firjan, Cristiano Prado, foram levados em considera\u00e7\u00e3o no estudo os pagamentos j\u00e1 efetuados para diminuir a exposi\u00e7\u00e3o do setor el\u00e9trico. E \u201cn\u00f3s n\u00e3o estamos considerando nenhum novo empr\u00e9stimo que possa eventualmente ser feito ao setor\u201d, disse ele.<\/p>\n<p>O estudo mostra que, se neste ano o custo da energia el\u00e9trica j\u00e1 subiu 23%, o aumento poder\u00e1 ser ainda maior em 2015, atingindo 27,3%. \u201cE, para 2016, com o que j\u00e1 se consegue enxergar, est\u00e3o contratados mais 7,5% de aumento [do custo]. Pode vir at\u00e9 mais do que isso.\u201d<\/p>\n<p>Cristiano Prado disse que a eleva\u00e7\u00e3o do custo de energia \u00e9 uma preocupa\u00e7\u00e3o para a ind\u00fastria, j\u00e1 que esse \u00e9 um &#8220;insumo essencial para a atividade e est\u00e1 em uma escalada de subida de pre\u00e7o\u201d. Ele acrescentou que, em rela\u00e7\u00e3o ao pre\u00e7o de R$ 263 por MWh, registrado em janeiro do ano passado, o custo de energia el\u00e9trica para a ind\u00fastria chegar\u00e1 a 2016 acumulando aumento de quase 90%.<\/p>\n<p>\u201cEm tr\u00eas anos, a energia ter\u00e1 subido quase 90%. Isso, em qualquer lugar do mundo, acende uma luz vermelha para indicar que alguma coisa precisa ser feita. Pelo menos, a discuss\u00e3o sobre como retomar uma trajet\u00f3ria de crescimento mais ameno e uma diminui\u00e7\u00e3o mais estrutural do pre\u00e7o de energia no Brasil\u201d, ressaltou Prado.<\/p>\n<p>Para ele, n\u00e3o h\u00e1 inten\u00e7\u00e3o de desestruturar o setor el\u00e9trico nacional, que passa por dificuldades hoje. Defendeu, por\u00e9m, que a discuss\u00e3o seja feita junto com a sociedade para encontrar um caminho que garanta, de um lado, a capacidade, investimento e crescimento do setor e, de outro lado, uma tarifa justa e compat\u00edvel para toda a sociedade.<\/p>\n<p>Considerando os empr\u00e9stimos feitos recentemente ao setor, a Firjan prop\u00f5e que toda a sociedade seja desonerada da cobran\u00e7a dos impostos que incidem sobre esses empr\u00e9stimos. \u201cA partir do ano que vem, todo mundo vai ter um pedacinho da conta destinado a pagar os empr\u00e9stimos feitos. S\u00f3 que, sobre isso, incidem Imposto sobre Circula\u00e7\u00e3o de Mercadorias (ICMS), Programa de Integra\u00e7\u00e3o Social (PIS) e Contribui\u00e7\u00e3o para Financiamento da Seguridade Social (Cofins), que s\u00e3o um valor alto porque os impostos no Brasil s\u00e3o muito altos\u201d diz o dirigente da Firjan.<\/p>\n<p>Dentro desse contexto, Prado acha que ajudaria a aliviar um pouco a subida do custo de energia no Brasil se n\u00e3o fossem cobrados impostos do pagamento dos empr\u00e9stimos a partir do ano que vem. A isen\u00e7\u00e3o da ind\u00fastria da cobran\u00e7a de tributos sobre o aditivo tarif\u00e1rio trazido pelos aportes far\u00e1 cair de 36,8% para 32,3% o aumento do custo de energia previsto para a atividade industrial. Dessa forma, o custo m\u00e9dio da energia para a ind\u00fastria ficaria em R$ 447,60 o MWh em 2015, e R$ 477,30 por MWh, em 2016. \u201cEle [custo] continua subindo, mas sobe menos. Ainda \u00e9 um valor enorme, mas, em vez de subir 27,3%, ele sobe 24,1%\u201d. Prado sustentou que essa a\u00e7\u00e3o pr\u00e1tica, de curto prazo, n\u00e3o afetaria o setor el\u00e9trico.<\/p>\n<p>Ele admitiu que, se essa medida vier a ser adotada, funcionar\u00e1 como um al\u00edvio apenas. Prado defende a amplia\u00e7\u00e3o do debate sobre o custo da energia com a sociedade, para detectar as a\u00e7\u00f5es que mantenham a estrutura, o potencial de crescimento e os investimentos do setor el\u00e9trico, ao mesmo tempo em que s\u00e3o analisadas as mudan\u00e7as que devem ser adotadas no m\u00e9dio e longo prazos. \u201c\u00c9 importante que a sociedade brasileira volte a discutir quest\u00f5es que, atualmente, s\u00e3o um tabu\u201d. Entre elas, as usinas com grandes reservat\u00f3rios, em contraposi\u00e7\u00e3o \u00e0s usinas a fio d&#8217;\u00e1gua, e a expans\u00e3o das usinas nucleares, que fornecem energia limpa e mais barata.<\/p>\n<p>\u201cTemos que trazer essas quest\u00f5es para discuss\u00e3o novamente, se o Brasil quiser entrar em uma rota de competitividade. Se n\u00e3o fizermos isso, vamos estar nos obrigando a conviver com pre\u00e7os mais altos, com uma ind\u00fastria que cresce menos e que cada vez vai ver seu espa\u00e7o no mundo diminuir por falta de competitividade\u201d, disse Cristiano do Prado.<\/p>\n<p>Alana Gandra &#8211; Rep\u00f3rter da Ag\u00eancia Brasil<br \/>\nEdi\u00e7\u00e3o: Jorge Wamburg<\/p>\n","protected":false},"excerpt":{"rendered":"<p>Com base em quatro cen\u00e1rios que inclu\u00edram a recupera\u00e7\u00e3o dos n\u00edveis dos reservat\u00f3rios somente em 2017 e a continuidade do acionamento de termel\u00e9tricas em 2015 e 2016, a Federa\u00e7\u00e3o das Ind\u00fastrias do Estado do Rio de Janeiro (Firjan) estimou que o custo da energia el\u00e9trica para a ind\u00fastria brasileira poder\u00e1 atingir, no final do ano [&hellip;]<\/p>\n","protected":false},"author":2,"featured_media":57582,"comment_status":"open","ping_status":"closed","sticky":false,"template":"","format":"standard","meta":{"_genesis_hide_title":false,"_genesis_hide_breadcrumbs":false,"_genesis_hide_singular_image":false,"_genesis_hide_footer_widgets":false,"_genesis_custom_body_class":"","_genesis_custom_post_class":"","_genesis_layout":"","_jetpack_memberships_contains_paid_content":false,"footnotes":""},"categories":[22,7],"tags":[],"class_list":{"0":"post-63843","1":"post","2":"type-post","3":"status-publish","4":"format-standard","5":"has-post-thumbnail","7":"category-brasil","8":"category-economia","9":"entry","10":"gs-1","11":"gs-odd","12":"gs-even","13":"gs-featured-content-entry"},"jetpack_featured_media_url":"https:\/\/www.redenoticia.com.br\/noticia\/imagens\/grafico1.jpg","jetpack_sharing_enabled":true,"jetpack_likes_enabled":true,"_links":{"self":[{"href":"https:\/\/www.redenoticia.com.br\/noticia\/wp-json\/wp\/v2\/posts\/63843","targetHints":{"allow":["GET"]}}],"collection":[{"href":"https:\/\/www.redenoticia.com.br\/noticia\/wp-json\/wp\/v2\/posts"}],"about":[{"href":"https:\/\/www.redenoticia.com.br\/noticia\/wp-json\/wp\/v2\/types\/post"}],"author":[{"embeddable":true,"href":"https:\/\/www.redenoticia.com.br\/noticia\/wp-json\/wp\/v2\/users\/2"}],"replies":[{"embeddable":true,"href":"https:\/\/www.redenoticia.com.br\/noticia\/wp-json\/wp\/v2\/comments?post=63843"}],"version-history":[{"count":0,"href":"https:\/\/www.redenoticia.com.br\/noticia\/wp-json\/wp\/v2\/posts\/63843\/revisions"}],"wp:featuredmedia":[{"embeddable":true,"href":"https:\/\/www.redenoticia.com.br\/noticia\/wp-json\/wp\/v2\/media\/57582"}],"wp:attachment":[{"href":"https:\/\/www.redenoticia.com.br\/noticia\/wp-json\/wp\/v2\/media?parent=63843"}],"wp:term":[{"taxonomy":"category","embeddable":true,"href":"https:\/\/www.redenoticia.com.br\/noticia\/wp-json\/wp\/v2\/categories?post=63843"},{"taxonomy":"post_tag","embeddable":true,"href":"https:\/\/www.redenoticia.com.br\/noticia\/wp-json\/wp\/v2\/tags?post=63843"}],"curies":[{"name":"wp","href":"https:\/\/api.w.org\/{rel}","templated":true}]}}