{"id":63841,"date":"2014-12-16T15:49:28","date_gmt":"2014-12-16T17:49:28","guid":{"rendered":"http:\/\/www.redenoticia.com.br\/noticia\/?p=63841"},"modified":"2014-12-16T15:49:28","modified_gmt":"2014-12-16T17:49:28","slug":"empresas-planejam-reduzir-investimentos-em-2015-mostra-fgv","status":"publish","type":"post","link":"https:\/\/www.redenoticia.com.br\/noticia\/2014\/empresas-planejam-reduzir-investimentos-em-2015-mostra-fgv\/63841","title":{"rendered":"Empresas planejam reduzir investimentos em 2015, mostra FGV"},"content":{"rendered":"<p> A Funda\u00e7\u00e3o Getulio Vargas divulgou pesquisa que indica piora do ambiente de neg\u00f3cios em 2014, em rela\u00e7\u00e3o a 2013. De acordo com a <strong><em>Sondagem de Investimentos<\/em><\/strong>, os quatros setores analisados (ind\u00fastria, servi\u00e7os, com\u00e9rcio e constru\u00e7\u00e3o) informaram ter reduzido os investimentos de um ano para o outro. As cerca de 4 mil empresas ouvidas no levantamento de outubro para novembro tamb\u00e9m declararam menor disposi\u00e7\u00e3o para investir em 2015.<\/p>\n<p> Na ind\u00fastria, 31% dos empres\u00e1rios reduziram o investimento produtivo no ano, contra 25%, em 2013. No ano passado, 40% tinham feito desembolsos, contra 38% em 2014.<\/p>\n<p>Situa\u00e7\u00e3o semelhante foi identificada no setor de servi\u00e7os, em que a redu\u00e7\u00e3o do investimento passou de 10% para 15%. As fatias de aporte corresponderam a 41% e 46%, respectivamente.<\/p>\n<p>No setor da constru\u00e7\u00e3o, o percentual de empres\u00e1rios que disseram ter reduzido gastos passou de 17% para 24%, enquanto os investimentos previstos tiveram queda de 33% para 26%.<\/p>\n<p>No com\u00e9rcio, a FGV registrou um cen\u00e1rio pouco melhor. No setor, embora a propor\u00e7\u00e3o de empresas que diminu\u00edram os investimentos tenha passado de 6% para 12%, foi identificada o maior n\u00famero de empres\u00e1rios dispostos a aportar: 42% ante 49%, entre 2013 e 2014.<\/p>\n<p>Em 2015, a FGV acredita que o \u201cfraco desempenho econ\u00f4mico atual\u201d se refletir\u00e1 na queda do desembolso. <\/p>\n<p>Segundo o levantamento, a previs\u00e3o de investimento na ind\u00fastria, de 2014 para 2015, passou de 47% para 41%; no setor de servi\u00e7os, de 48% para 45%; e na constru\u00e7\u00e3o, de 45% para 34%. No com\u00e9rcio, os investimentos devem cair de 63% para 53%.<\/p>\n<p>Isabela Vieira &#8211; Rep\u00f3rter da Ag\u00eancia Brasil<br \/>\nEdi\u00e7\u00e3o: Val\u00e9ria Aguiar<\/p>\n","protected":false},"excerpt":{"rendered":"<p>A Funda\u00e7\u00e3o Getulio Vargas divulgou pesquisa que indica piora do ambiente de neg\u00f3cios em 2014, em rela\u00e7\u00e3o a 2013. De acordo com a Sondagem de Investimentos, os quatros setores analisados (ind\u00fastria, servi\u00e7os, com\u00e9rcio e constru\u00e7\u00e3o) informaram ter reduzido os investimentos de um ano para o outro. As cerca de 4 mil empresas ouvidas no levantamento [&hellip;]<\/p>\n","protected":false},"author":2,"featured_media":57584,"comment_status":"open","ping_status":"closed","sticky":false,"template":"","format":"standard","meta":{"_genesis_hide_title":false,"_genesis_hide_breadcrumbs":false,"_genesis_hide_singular_image":false,"_genesis_hide_footer_widgets":false,"_genesis_custom_body_class":"","_genesis_custom_post_class":"","_genesis_layout":"","_jetpack_memberships_contains_paid_content":false,"footnotes":""},"categories":[22,7],"tags":[],"class_list":{"0":"post-63841","1":"post","2":"type-post","3":"status-publish","4":"format-standard","5":"has-post-thumbnail","7":"category-brasil","8":"category-economia","9":"entry","10":"gs-1","11":"gs-odd","12":"gs-even","13":"gs-featured-content-entry"},"jetpack_featured_media_url":"https:\/\/www.redenoticia.com.br\/noticia\/imagens\/economia-grafica-analise-inflacao.jpg","jetpack_sharing_enabled":true,"jetpack_likes_enabled":true,"_links":{"self":[{"href":"https:\/\/www.redenoticia.com.br\/noticia\/wp-json\/wp\/v2\/posts\/63841","targetHints":{"allow":["GET"]}}],"collection":[{"href":"https:\/\/www.redenoticia.com.br\/noticia\/wp-json\/wp\/v2\/posts"}],"about":[{"href":"https:\/\/www.redenoticia.com.br\/noticia\/wp-json\/wp\/v2\/types\/post"}],"author":[{"embeddable":true,"href":"https:\/\/www.redenoticia.com.br\/noticia\/wp-json\/wp\/v2\/users\/2"}],"replies":[{"embeddable":true,"href":"https:\/\/www.redenoticia.com.br\/noticia\/wp-json\/wp\/v2\/comments?post=63841"}],"version-history":[{"count":0,"href":"https:\/\/www.redenoticia.com.br\/noticia\/wp-json\/wp\/v2\/posts\/63841\/revisions"}],"wp:featuredmedia":[{"embeddable":true,"href":"https:\/\/www.redenoticia.com.br\/noticia\/wp-json\/wp\/v2\/media\/57584"}],"wp:attachment":[{"href":"https:\/\/www.redenoticia.com.br\/noticia\/wp-json\/wp\/v2\/media?parent=63841"}],"wp:term":[{"taxonomy":"category","embeddable":true,"href":"https:\/\/www.redenoticia.com.br\/noticia\/wp-json\/wp\/v2\/categories?post=63841"},{"taxonomy":"post_tag","embeddable":true,"href":"https:\/\/www.redenoticia.com.br\/noticia\/wp-json\/wp\/v2\/tags?post=63841"}],"curies":[{"name":"wp","href":"https:\/\/api.w.org\/{rel}","templated":true}]}}