{"id":63839,"date":"2014-12-16T15:46:07","date_gmt":"2014-12-16T17:46:07","guid":{"rendered":"http:\/\/www.redenoticia.com.br\/noticia\/?p=63839"},"modified":"2014-12-16T15:46:07","modified_gmt":"2014-12-16T17:46:07","slug":"compras-natalinas-ajudam-a-reduzir-inadimplencia-das-empresas","status":"publish","type":"post","link":"https:\/\/www.redenoticia.com.br\/noticia\/2014\/compras-natalinas-ajudam-a-reduzir-inadimplencia-das-empresas\/63839","title":{"rendered":"Compras natalinas ajudam a reduzir inadimpl\u00eancia das empresas"},"content":{"rendered":"<p> Os atrasos acima de tr\u00eas meses nos pagamentos das empresas tiveram queda de 5,3% em novembro, na compara\u00e7\u00e3o com outubro. Em rela\u00e7\u00e3o a novembro do ano passado, tamb\u00e9m houve redu\u00e7\u00e3o, de 3,3%, segundo o Indicador Serasa Experian de <strong><em>Inadimpl\u00eancia das Empresas<\/em><\/strong>. No acumulado de janeiro a novembro, a inadimpl\u00eancia aumentou 6,1%.<\/p>\n<p> Em nota t\u00e9cnica, a Serasa Experian justificou que o m\u00eas de novembro teve 20 dias \u00fateis, n\u00famero menor que outubro (23), o que causou, principalmente, queda expressiva na emi\u00e7\u00e3o de cheques sem fundos (-12,1%) e de t\u00edtulos protestados (-6,7%).<\/p>\n<p>A nota destaca que o recuo na inadimpl\u00eancia tamb\u00e9m \u00e9 reflexo da entrada da primeira parcela do d\u00e9cimo terceiro sal\u00e1rio na economia. Com mais dinheiro em circula\u00e7\u00e3o, melhorou o fluxo de pagamentos de consumidores e de empresas.<\/p>\n<p>Os atrasos de pagamentos das d\u00edvidas n\u00e3o banc\u00e1rias tiveram queda (cart\u00f5es de cr\u00e9dito, financeiras, lojas em geral e prestadoras de servi\u00e7os como telefonia e fornecimento de energia el\u00e9trica, \u00e1gua etc.) de 3,4%. A inadimpl\u00eancia com os bancos foi 1,9% inferior \u00e0 de outubro.<\/p>\n<p>No acumulado de janeiro a novembro, o valor m\u00e9dio dos t\u00edtulos protestados aumentou 13,8% (de R$ 2.050,41 para R$ 2.333,80). Em rela\u00e7\u00e3o ao valor das d\u00edvidas n\u00e3o banc\u00e1rias, houve um acr\u00e9scimo de 6,7% (de R$ 814,11 para R$ 868,68). O valor da inadimpl\u00eancia com os bancos teve queda de 7,3%  (de R$ 5.296,09 para R$ 4.908,07) e o valor dos cheques sem fundos caiu 4,3% (de R$ 2.426,79 para R$ 2.322,01).<\/p>\n<p>Marli Moreira &#8211; Rep\u00f3rter da Ag\u00eancia Brasil<br \/>\nEdi\u00e7\u00e3o: Val\u00e9ria Aguiar<\/p>\n","protected":false},"excerpt":{"rendered":"<p>Os atrasos acima de tr\u00eas meses nos pagamentos das empresas tiveram queda de 5,3% em novembro, na compara\u00e7\u00e3o com outubro. Em rela\u00e7\u00e3o a novembro do ano passado, tamb\u00e9m houve redu\u00e7\u00e3o, de 3,3%, segundo o Indicador Serasa Experian de Inadimpl\u00eancia das Empresas. No acumulado de janeiro a novembro, a inadimpl\u00eancia aumentou 6,1%. Em nota t\u00e9cnica, a [&hellip;]<\/p>\n","protected":false},"author":2,"featured_media":38938,"comment_status":"open","ping_status":"closed","sticky":false,"template":"","format":"standard","meta":{"_genesis_hide_title":false,"_genesis_hide_breadcrumbs":false,"_genesis_hide_singular_image":false,"_genesis_hide_footer_widgets":false,"_genesis_custom_body_class":"","_genesis_custom_post_class":"","_genesis_layout":"","_jetpack_memberships_contains_paid_content":false,"footnotes":""},"categories":[22,7],"tags":[],"class_list":{"0":"post-63839","1":"post","2":"type-post","3":"status-publish","4":"format-standard","5":"has-post-thumbnail","7":"category-brasil","8":"category-economia","9":"entry","10":"gs-1","11":"gs-odd","12":"gs-even","13":"gs-featured-content-entry"},"jetpack_featured_media_url":"https:\/\/www.redenoticia.com.br\/noticia\/imagens\/economia1.jpg","jetpack_sharing_enabled":true,"jetpack_likes_enabled":true,"_links":{"self":[{"href":"https:\/\/www.redenoticia.com.br\/noticia\/wp-json\/wp\/v2\/posts\/63839","targetHints":{"allow":["GET"]}}],"collection":[{"href":"https:\/\/www.redenoticia.com.br\/noticia\/wp-json\/wp\/v2\/posts"}],"about":[{"href":"https:\/\/www.redenoticia.com.br\/noticia\/wp-json\/wp\/v2\/types\/post"}],"author":[{"embeddable":true,"href":"https:\/\/www.redenoticia.com.br\/noticia\/wp-json\/wp\/v2\/users\/2"}],"replies":[{"embeddable":true,"href":"https:\/\/www.redenoticia.com.br\/noticia\/wp-json\/wp\/v2\/comments?post=63839"}],"version-history":[{"count":0,"href":"https:\/\/www.redenoticia.com.br\/noticia\/wp-json\/wp\/v2\/posts\/63839\/revisions"}],"wp:featuredmedia":[{"embeddable":true,"href":"https:\/\/www.redenoticia.com.br\/noticia\/wp-json\/wp\/v2\/media\/38938"}],"wp:attachment":[{"href":"https:\/\/www.redenoticia.com.br\/noticia\/wp-json\/wp\/v2\/media?parent=63839"}],"wp:term":[{"taxonomy":"category","embeddable":true,"href":"https:\/\/www.redenoticia.com.br\/noticia\/wp-json\/wp\/v2\/categories?post=63839"},{"taxonomy":"post_tag","embeddable":true,"href":"https:\/\/www.redenoticia.com.br\/noticia\/wp-json\/wp\/v2\/tags?post=63839"}],"curies":[{"name":"wp","href":"https:\/\/api.w.org\/{rel}","templated":true}]}}