{"id":63802,"date":"2014-12-15T12:55:52","date_gmt":"2014-12-15T14:55:52","guid":{"rendered":"http:\/\/www.redenoticia.com.br\/noticia\/?p=63802"},"modified":"2014-12-15T12:55:52","modified_gmt":"2014-12-15T14:55:52","slug":"analistas-reduzem-expectativa-de-crescimento-do-pib","status":"publish","type":"post","link":"https:\/\/www.redenoticia.com.br\/noticia\/2014\/analistas-reduzem-expectativa-de-crescimento-do-pib\/63802","title":{"rendered":"Analistas reduzem expectativa de crescimento do PIB"},"content":{"rendered":"<p> Investidores e analistas do mercado financeiro reduziram mais uma vez a expectativa de <strong><em>crescimento da economia<\/em><\/strong> em 2014. A nova proje\u00e7\u00e3o indica alta de 0,16% do Produto Interno Bruto (PIB). Na avalia\u00e7\u00e3o anterior, a estimativa era 0,18%. Para 2015, os economistas esperam aumento de 0,69%. A proje\u00e7\u00e3o era, at\u00e9 ent\u00e3o, 0,73%. O PIB \u00e9 a soma de todas os bens e servi\u00e7os de um pa\u00eds.<\/p>\n<p>Para o c\u00e2mbio, a proje\u00e7\u00e3o subiu de R$ 2,55 para R$ 2,60, com taxa b\u00e1sica de juros em 11,5% ao ano, no fim de 2014. N\u00e3o houve altera\u00e7\u00e3o na expectativa para a infla\u00e7\u00e3o medida pelo \u00cdndice de Pre\u00e7os ao Consumidor Amplo (IPCA), que foi mantida em 6,38%. O mercado financeiro enxerga, por\u00e9m, alta nos pre\u00e7os administrados, com uma mudan\u00e7a de 5,3% para 5,4%. Esses pre\u00e7os s\u00e3o aqueles que tem o controle do governo, como as tarifas de energia el\u00e9trica. Houve, ainda, redu\u00e7\u00e3o estimativa da D\u00edvida L\u00edquida do Setor P\u00fablico, que passou de 36% do PIB para 35,9%.<\/p>\n<p>No setor externo, aumentou o pessimismo para o d\u00e9ficit em contra corrente, que subiu de US$ 84,23 bilh\u00f5es, para US$ 85 bilh\u00f5es, com o saldo da balan\u00e7a comercial negativo em US$ 1,6 bilh\u00e3o e mantendo-se a expectativa dos investimentos estrangeiros diretos de US$ 60 bilh\u00f5es.<\/p>\n<p>Daniel Lima \u2013 Rep\u00f3rter da Ag\u00eancia Brasil<br \/>\nEdi\u00e7\u00e3o: Denise Griesinger<\/p>\n","protected":false},"excerpt":{"rendered":"<p>Investidores e analistas do mercado financeiro reduziram mais uma vez a expectativa de crescimento da economia em 2014. A nova proje\u00e7\u00e3o indica alta de 0,16% do Produto Interno Bruto (PIB). Na avalia\u00e7\u00e3o anterior, a estimativa era 0,18%. Para 2015, os economistas esperam aumento de 0,69%. A proje\u00e7\u00e3o era, at\u00e9 ent\u00e3o, 0,73%. O PIB \u00e9 a [&hellip;]<\/p>\n","protected":false},"author":2,"featured_media":57584,"comment_status":"open","ping_status":"closed","sticky":false,"template":"","format":"standard","meta":{"_genesis_hide_title":false,"_genesis_hide_breadcrumbs":false,"_genesis_hide_singular_image":false,"_genesis_hide_footer_widgets":false,"_genesis_custom_body_class":"","_genesis_custom_post_class":"","_genesis_layout":"","_jetpack_memberships_contains_paid_content":false,"footnotes":""},"categories":[22,7],"tags":[],"class_list":{"0":"post-63802","1":"post","2":"type-post","3":"status-publish","4":"format-standard","5":"has-post-thumbnail","7":"category-brasil","8":"category-economia","9":"entry","10":"gs-1","11":"gs-odd","12":"gs-even","13":"gs-featured-content-entry"},"jetpack_featured_media_url":"https:\/\/www.redenoticia.com.br\/noticia\/imagens\/economia-grafica-analise-inflacao.jpg","jetpack_sharing_enabled":true,"jetpack_likes_enabled":true,"_links":{"self":[{"href":"https:\/\/www.redenoticia.com.br\/noticia\/wp-json\/wp\/v2\/posts\/63802","targetHints":{"allow":["GET"]}}],"collection":[{"href":"https:\/\/www.redenoticia.com.br\/noticia\/wp-json\/wp\/v2\/posts"}],"about":[{"href":"https:\/\/www.redenoticia.com.br\/noticia\/wp-json\/wp\/v2\/types\/post"}],"author":[{"embeddable":true,"href":"https:\/\/www.redenoticia.com.br\/noticia\/wp-json\/wp\/v2\/users\/2"}],"replies":[{"embeddable":true,"href":"https:\/\/www.redenoticia.com.br\/noticia\/wp-json\/wp\/v2\/comments?post=63802"}],"version-history":[{"count":0,"href":"https:\/\/www.redenoticia.com.br\/noticia\/wp-json\/wp\/v2\/posts\/63802\/revisions"}],"wp:featuredmedia":[{"embeddable":true,"href":"https:\/\/www.redenoticia.com.br\/noticia\/wp-json\/wp\/v2\/media\/57584"}],"wp:attachment":[{"href":"https:\/\/www.redenoticia.com.br\/noticia\/wp-json\/wp\/v2\/media?parent=63802"}],"wp:term":[{"taxonomy":"category","embeddable":true,"href":"https:\/\/www.redenoticia.com.br\/noticia\/wp-json\/wp\/v2\/categories?post=63802"},{"taxonomy":"post_tag","embeddable":true,"href":"https:\/\/www.redenoticia.com.br\/noticia\/wp-json\/wp\/v2\/tags?post=63802"}],"curies":[{"name":"wp","href":"https:\/\/api.w.org\/{rel}","templated":true}]}}