{"id":63800,"date":"2014-12-15T12:53:53","date_gmt":"2014-12-15T14:53:53","guid":{"rendered":"http:\/\/www.redenoticia.com.br\/noticia\/?p=63800"},"modified":"2014-12-15T12:53:53","modified_gmt":"2014-12-15T14:53:53","slug":"banco-central-atividade-economica-de-outubro-indica-deficit-de-026","status":"publish","type":"post","link":"https:\/\/www.redenoticia.com.br\/noticia\/2014\/banco-central-atividade-economica-de-outubro-indica-deficit-de-026\/63800","title":{"rendered":"Banco Central: atividade econ\u00f4mica de outubro indica d\u00e9ficit de 0,26%"},"content":{"rendered":"<p>O Banco Central (BC) divulgou o <strong><em>\u00cdndice de Atividade Econ\u00f4mica<\/em><\/strong> (IBC-Br) de outubro que indica um resultado negativo de 0,26% em 12 meses no Produto Interno Bruto (PIB) em 2014. O percentual \u00e9 dessazonalizado (ajustado para o per\u00edodo) e o \u00edndice \u00e9 uma forma de avaliar a evolu\u00e7\u00e3o da atividade econ\u00f4mica brasileira.<\/p>\n<p>O \u00edndice incorpora informa\u00e7\u00f5es sobre o n\u00edvel de atividade dos tr\u00eas setores da economia: ind\u00fastria, com\u00e9rcio e servi\u00e7os e agropecu\u00e1ria. Com o resultado, a atividade econ\u00f4mica do pa\u00eds no ano apresenta expectativa de retra\u00e7\u00e3o de 0,09%.<\/p>\n<p>Os n\u00fameros do IBC-Br s\u00e3o uma an\u00e1lise do BC sobre o crescimento, mas no Brasil quem divulga o PIB (soma de todos os bens e servi\u00e7os de um pa\u00eds) \u00e9 o Instituto Brasileiro de Geografia e Estat\u00edstica.<\/p>\n<p>Hoje, o BC divulgou tamb\u00e9m que os investidores e analistas do mercado financeiro reduziram mais uma vez a expectativa de crescimento da economia em 2014. A nova proje\u00e7\u00e3o indica alta de 0,16% do PIB. Na avalia\u00e7\u00e3o anterior, a estimativa era 0,18%. Para 2015, os economistas esperam aumento de 0,69%. A proje\u00e7\u00e3o era, at\u00e9 ent\u00e3o, 0,73%.<\/p>\n<p>Daniel Lima &#8211; Rep\u00f3rter da Ag\u00eancia Brasil<br \/>\nEdi\u00e7\u00e3o: Val\u00e9ria Aguiar<\/p>\n","protected":false},"excerpt":{"rendered":"<p>O Banco Central (BC) divulgou o \u00cdndice de Atividade Econ\u00f4mica (IBC-Br) de outubro que indica um resultado negativo de 0,26% em 12 meses no Produto Interno Bruto (PIB) em 2014. O percentual \u00e9 dessazonalizado (ajustado para o per\u00edodo) e o \u00edndice \u00e9 uma forma de avaliar a evolu\u00e7\u00e3o da atividade econ\u00f4mica brasileira. O \u00edndice incorpora [&hellip;]<\/p>\n","protected":false},"author":2,"featured_media":57583,"comment_status":"open","ping_status":"closed","sticky":false,"template":"","format":"standard","meta":{"_genesis_hide_title":false,"_genesis_hide_breadcrumbs":false,"_genesis_hide_singular_image":false,"_genesis_hide_footer_widgets":false,"_genesis_custom_body_class":"","_genesis_custom_post_class":"","_genesis_layout":"","_jetpack_memberships_contains_paid_content":false,"footnotes":""},"categories":[22,7],"tags":[],"class_list":{"0":"post-63800","1":"post","2":"type-post","3":"status-publish","4":"format-standard","5":"has-post-thumbnail","7":"category-brasil","8":"category-economia","9":"entry","10":"gs-1","11":"gs-odd","12":"gs-even","13":"gs-featured-content-entry"},"jetpack_featured_media_url":"https:\/\/www.redenoticia.com.br\/noticia\/imagens\/economia-grafico.jpg","jetpack_sharing_enabled":true,"jetpack_likes_enabled":true,"_links":{"self":[{"href":"https:\/\/www.redenoticia.com.br\/noticia\/wp-json\/wp\/v2\/posts\/63800","targetHints":{"allow":["GET"]}}],"collection":[{"href":"https:\/\/www.redenoticia.com.br\/noticia\/wp-json\/wp\/v2\/posts"}],"about":[{"href":"https:\/\/www.redenoticia.com.br\/noticia\/wp-json\/wp\/v2\/types\/post"}],"author":[{"embeddable":true,"href":"https:\/\/www.redenoticia.com.br\/noticia\/wp-json\/wp\/v2\/users\/2"}],"replies":[{"embeddable":true,"href":"https:\/\/www.redenoticia.com.br\/noticia\/wp-json\/wp\/v2\/comments?post=63800"}],"version-history":[{"count":0,"href":"https:\/\/www.redenoticia.com.br\/noticia\/wp-json\/wp\/v2\/posts\/63800\/revisions"}],"wp:featuredmedia":[{"embeddable":true,"href":"https:\/\/www.redenoticia.com.br\/noticia\/wp-json\/wp\/v2\/media\/57583"}],"wp:attachment":[{"href":"https:\/\/www.redenoticia.com.br\/noticia\/wp-json\/wp\/v2\/media?parent=63800"}],"wp:term":[{"taxonomy":"category","embeddable":true,"href":"https:\/\/www.redenoticia.com.br\/noticia\/wp-json\/wp\/v2\/categories?post=63800"},{"taxonomy":"post_tag","embeddable":true,"href":"https:\/\/www.redenoticia.com.br\/noticia\/wp-json\/wp\/v2\/tags?post=63800"}],"curies":[{"name":"wp","href":"https:\/\/api.w.org\/{rel}","templated":true}]}}