{"id":63798,"date":"2014-12-15T12:51:38","date_gmt":"2014-12-15T14:51:38","guid":{"rendered":"http:\/\/www.redenoticia.com.br\/noticia\/?p=63798"},"modified":"2014-12-15T12:51:38","modified_gmt":"2014-12-15T14:51:38","slug":"inflacao-medida-pelo-igp-10-fecha-o-ano-com-alta-de-098","status":"publish","type":"post","link":"https:\/\/www.redenoticia.com.br\/noticia\/2014\/inflacao-medida-pelo-igp-10-fecha-o-ano-com-alta-de-098\/63798","title":{"rendered":"Infla\u00e7\u00e3o medida pelo IGP-10 fecha o ano com alta de 0,98%"},"content":{"rendered":"<p> A <strong><em>infla\u00e7\u00e3o<\/em><\/strong> medida pelo \u00cdndice Geral de Pre\u00e7os \u2013 10 (IGP-10) subiu 0,98% em dezembro, avan\u00e7ando 0,16 ponto percentual em rela\u00e7\u00e3o aos 0,82% apurados em novembro e fechando o ano com taxa acumulada de 3,88%.<\/p>\n<p>Apesar da alta de dezembro em rela\u00e7\u00e3o a novembro, o IGP-10 fechou 2014 com infla\u00e7\u00e3o inferior ao ano passado, quando no acumulado dos 12 meses a alta foi 5,39%. Em dezembro do ano passado a varia\u00e7\u00e3o do IGP-10 foi 0,44%.<\/p>\n<p>O IGP-10 divulgado pelo Instituto Brasileiro de Economia da Funda\u00e7\u00e3o Getulio Vargas (Ibre\/FGV), \u00e9 calculado com base nos pre\u00e7os coletados entre os dias 11 do m\u00eas anterior e 10 do m\u00eas de refer\u00eancia.<\/p>\n<p>A alta de dezembro foi determinada por dois dos componentes que comp\u00f5e o IGP-10. O \u00cdndice de Pre\u00e7os ao Produtor (IPA) teve alta de 0,11 ponto percentual, ao passar de 1,06% para 1,17%, entre novembro e dezembro.<\/p>\n<p> Bens Finais pressionou a alta do IPA, em dezembro, com taxa de varia\u00e7\u00e3o de 1,12%, eleva\u00e7\u00e3o de  0,46 ponto percentual em rela\u00e7\u00e3o aos 0,66%, da alta de novembro; impulsionado pelo subgrupo alimentos processados, cuja taxa passou de 0,38% para 1,62%. O \u00edndice relativo a Bens Finais, calculado sem os subgrupos alimentos in natura e combust\u00edveis, teve varia\u00e7\u00e3o de 0,97%. No m\u00eas anterior, a taxa de varia\u00e7\u00e3o foi 0,47%.<\/p>\n<p>O grupo Bens Intermedi\u00e1rios registrou varia\u00e7\u00e3o de 1,15%, alta de 0,22 ponto percentual em compara\u00e7\u00e3o aos 0,93% do m\u00eas anterior.  No grupo, tr\u00eas dos cinco subgrupos apresentaram acelera\u00e7\u00e3o, com destaque para combust\u00edveis e lubrificantes para a produ\u00e7\u00e3o, cuja taxa de varia\u00e7\u00e3o passou de 0,42% para 2,87%.<\/p>\n<p>Com queda na compara\u00e7\u00e3o mensal, o \u00edndice do grupo Mat\u00e9rias-Primas Brutas registrou varia\u00e7\u00e3o de 1,25%. Em novembro, a taxa foi 1,71%.<\/p>\n<p>J\u00e1 o \u00cdndice de Pre\u00e7os ao Consumidor (IPC) registrou varia\u00e7\u00e3o de 0,72%, em dezembro, ante 0,43%, em novembro. Cinco das oito classes de despesa componentes do \u00edndice tiveram acr\u00e9scimo em suas taxas de varia\u00e7\u00e3o. O principal destaque partiu do grupo Transportes (0,12% para 0,85%). Nesta classe de despesa, vale mencionar o comportamento do item gasolina, cuja taxa passou de 0,11% para 2,20%.<\/p>\n<p> O \u00cdndice Nacional de Custo da Constru\u00e7\u00e3o (INCC) apresentou, em dezembro, taxa de varia\u00e7\u00e3o de 0,42%, ante 0,16%, no m\u00eas anterior. O \u00edndice relativo a Materiais, Equipamentos e Servi\u00e7os registrou varia\u00e7\u00e3o de 0,37%, enquanto o \u00edndice que representa o custo da M\u00e3o de Obra variou 0,46%.<\/p>\n<p>Tamb\u00e9m apresentaram acr\u00e9scimo em suas taxas de varia\u00e7\u00e3o os grupos Educa\u00e7\u00e3o, Leitura e Recrea\u00e7\u00e3o (0,28% para 1,22%); Habita\u00e7\u00e3o (0,54% para 0,81%); Alimenta\u00e7\u00e3o (0,52% para 0,70%); e Comunica\u00e7\u00e3o (0,22% para 0,40%).<\/p>\n<p>Em contrapartida, apresentaram decr\u00e9scimo em suas taxas de varia\u00e7\u00e3o os grupos: Vestu\u00e1rio (0,86% para 0,36%) e Despesas Diversas (0,25% para 0,24%). Na primeira classe de despesa, vale citar o comportamento do item roupas (0,77% para 0,37%), e na segunda, acesso \u00e0 internet em loja (0,51% para 0,00%), respectivamente.<\/p>\n<p>O grupo Sa\u00fade e Cuidados Pessoais repetiu a taxa de varia\u00e7\u00e3o ocorrida no m\u00eas anterior, 0,50%. O item sal\u00e3o de beleza (0,74% para 1,47%) exerceu a principal influ\u00eancia de alta. Em sentido descendente, o destaque coube ao item artigos de higiene e cuidado pessoal (0,57% para -0,05%).<\/p>\n<p>Nielmar de Oliveira &#8211; Rep\u00f3rter da Ag\u00eancia Brasil<br \/>\nEdi\u00e7\u00e3o: Marcos Chagas<\/p>\n","protected":false},"excerpt":{"rendered":"<p>A infla\u00e7\u00e3o medida pelo \u00cdndice Geral de Pre\u00e7os \u2013 10 (IGP-10) subiu 0,98% em dezembro, avan\u00e7ando 0,16 ponto percentual em rela\u00e7\u00e3o aos 0,82% apurados em novembro e fechando o ano com taxa acumulada de 3,88%. Apesar da alta de dezembro em rela\u00e7\u00e3o a novembro, o IGP-10 fechou 2014 com infla\u00e7\u00e3o inferior ao ano passado, quando [&hellip;]<\/p>\n","protected":false},"author":2,"featured_media":34916,"comment_status":"open","ping_status":"closed","sticky":false,"template":"","format":"standard","meta":{"_genesis_hide_title":false,"_genesis_hide_breadcrumbs":false,"_genesis_hide_singular_image":false,"_genesis_hide_footer_widgets":false,"_genesis_custom_body_class":"","_genesis_custom_post_class":"","_genesis_layout":"","_jetpack_memberships_contains_paid_content":false,"footnotes":""},"categories":[22,7],"tags":[],"class_list":{"0":"post-63798","1":"post","2":"type-post","3":"status-publish","4":"format-standard","5":"has-post-thumbnail","7":"category-brasil","8":"category-economia","9":"entry","10":"gs-1","11":"gs-odd","12":"gs-even","13":"gs-featured-content-entry"},"jetpack_featured_media_url":"https:\/\/www.redenoticia.com.br\/noticia\/imagens\/inflacao.jpg","jetpack_sharing_enabled":true,"jetpack_likes_enabled":true,"_links":{"self":[{"href":"https:\/\/www.redenoticia.com.br\/noticia\/wp-json\/wp\/v2\/posts\/63798","targetHints":{"allow":["GET"]}}],"collection":[{"href":"https:\/\/www.redenoticia.com.br\/noticia\/wp-json\/wp\/v2\/posts"}],"about":[{"href":"https:\/\/www.redenoticia.com.br\/noticia\/wp-json\/wp\/v2\/types\/post"}],"author":[{"embeddable":true,"href":"https:\/\/www.redenoticia.com.br\/noticia\/wp-json\/wp\/v2\/users\/2"}],"replies":[{"embeddable":true,"href":"https:\/\/www.redenoticia.com.br\/noticia\/wp-json\/wp\/v2\/comments?post=63798"}],"version-history":[{"count":0,"href":"https:\/\/www.redenoticia.com.br\/noticia\/wp-json\/wp\/v2\/posts\/63798\/revisions"}],"wp:featuredmedia":[{"embeddable":true,"href":"https:\/\/www.redenoticia.com.br\/noticia\/wp-json\/wp\/v2\/media\/34916"}],"wp:attachment":[{"href":"https:\/\/www.redenoticia.com.br\/noticia\/wp-json\/wp\/v2\/media?parent=63798"}],"wp:term":[{"taxonomy":"category","embeddable":true,"href":"https:\/\/www.redenoticia.com.br\/noticia\/wp-json\/wp\/v2\/categories?post=63798"},{"taxonomy":"post_tag","embeddable":true,"href":"https:\/\/www.redenoticia.com.br\/noticia\/wp-json\/wp\/v2\/tags?post=63798"}],"curies":[{"name":"wp","href":"https:\/\/api.w.org\/{rel}","templated":true}]}}