{"id":63794,"date":"2014-12-15T12:47:25","date_gmt":"2014-12-15T14:47:25","guid":{"rendered":"http:\/\/www.redenoticia.com.br\/noticia\/?p=63794"},"modified":"2014-12-15T12:47:25","modified_gmt":"2014-12-15T14:47:25","slug":"beneficiarios-do-inss-tem-ate-30-de-dezembro-para-fazer-comprovacao-de-vida","status":"publish","type":"post","link":"https:\/\/www.redenoticia.com.br\/noticia\/2014\/beneficiarios-do-inss-tem-ate-30-de-dezembro-para-fazer-comprovacao-de-vida\/63794","title":{"rendered":"Benefici\u00e1rios do INSS t\u00eam at\u00e9 30 de dezembro para fazer comprova\u00e7\u00e3o de vida"},"content":{"rendered":"<p>Aposentados e pensionistas do Instituto Nacional do Seguro Social (INSS) t\u00eam at\u00e9 o dia 30 de dezembro para comprova\u00e7\u00e3o de vida e a renova\u00e7\u00e3o da senha na rede banc\u00e1ria, caso contr\u00e1rio, o <em><strong>benef\u00edcio<\/strong> <\/em>ser\u00e1 suspenso. Os bancos n\u00e3o funcionam no dia 31. O alerta \u00e9 da Federa\u00e7\u00e3o Brasileira de Bancos (Febraban), que pede \u00e0s pessoas que evitem o procedimento na \u00faltima hora.<\/p>\n<p>A comprova\u00e7\u00e3o de vida deve ser feita na institui\u00e7\u00e3o em que o segurado recebe. \u00c9 importante destacar que o procedimento \u00e9 obrigat\u00f3rio e deve ocorrer anualmente, segundo comunicado da federa\u00e7\u00e3o.<\/p>\n<p>A prova de vida \u00e9 importante no combate a fraudes e inconsist\u00eancias no pagamento de benef\u00edcios. Ap\u00f3s a confer\u00eancia e valida\u00e7\u00e3o dos dados, o benefici\u00e1rio recebe uma nova senha.<\/p>\n<p>Os bancos garantem que est\u00e3o alertando os clientes sobre o fim do prazo por meio de avisos impressos nos extratos banc\u00e1rios e mensagens que podem ser lidas nas telas do caixa eletr\u00f4nico, no momento do saque do benef\u00edcio.<\/p>\n<p>O segurado ou pensionista deve levar um documento de identifica\u00e7\u00e3o com foto, como a carteira de identidade, Carteira de Trabalho, Carteira Nacional de Habilita\u00e7\u00e3o, entre outros. Os bancos que t\u00eam tecnologia para fazer a identifica\u00e7\u00e3o biom\u00e9trica poder\u00e3o utiliz\u00e1-la.<\/p>\n<p>Caso esteja impedido de ir \u00e0 ag\u00eancia banc\u00e1ria, o benefici\u00e1rio deve fazer a prova de vida por meio de um procurador devidamente cadastrado no INSS. Para se cadastrar, o procurador dever\u00e1 comparecer a uma ag\u00eancia da Previd\u00eancia Social e apresentar a procura\u00e7\u00e3o devidamente assinada.<\/p>\n<p>O modelo da procura\u00e7\u00e3o pode ser encontrado no  do minist\u00e9rio. Outra op\u00e7\u00e3o \u00e9 uma procura\u00e7\u00e3o registrada em\u00a0cart\u00f3rio,\u00a0se o benefici\u00e1rio for n\u00e3o alfabetizado,\u00a0informa o INSS. Al\u00e9m disso, \u00e9 necess\u00e1ria a apresenta\u00e7\u00e3o de atestado m\u00e9dico (emitido nos \u00faltimos 30 dias) que comprove a impossibilidade de locomo\u00e7\u00e3o do benefici\u00e1rio ou atestado de vida emitido por autoridade consular, no caso de aus\u00eancia por motivo de viagem ou de resid\u00eancia no exterior, al\u00e9m dos documentos de identifica\u00e7\u00e3o do benefici\u00e1rio e do procurador.<\/p>\n<p>Na \u00faltima\u00a0sexta-feira (12), o Minist\u00e9rio da Previd\u00eancia Social divulgou o calend\u00e1rio de pagamento dos benef\u00edcios em 2015, que pode ser consultado na p\u00e1gina da Previd\u00eancia Social na . Em janeiro de 2015, a folha de pagamento do INSS tem in\u00edcio no dia 26 de janeiro e t\u00e9rmino no dia 6 de fevereiro. Para saber o dia de pagamento, os benefici\u00e1rios devem observar o \u00faltimo n\u00famero do cart\u00e3o de benef\u00edcio, excluindo-se o d\u00edgito.<\/p>\n<p>Daniel Lima &#8211; Rep\u00f3rter da Ag\u00eancia Brasil<br \/>\nEdi\u00e7\u00e3o: Marcos Chagas<\/p>\n","protected":false},"excerpt":{"rendered":"<p>Aposentados e pensionistas do Instituto Nacional do Seguro Social (INSS) t\u00eam at\u00e9 o dia 30 de dezembro para comprova\u00e7\u00e3o de vida e a renova\u00e7\u00e3o da senha na rede banc\u00e1ria, caso contr\u00e1rio, o benef\u00edcio ser\u00e1 suspenso. Os bancos n\u00e3o funcionam no dia 31. O alerta \u00e9 da Federa\u00e7\u00e3o Brasileira de Bancos (Febraban), que pede \u00e0s pessoas [&hellip;]<\/p>\n","protected":false},"author":2,"featured_media":24050,"comment_status":"open","ping_status":"closed","sticky":false,"template":"","format":"standard","meta":{"_genesis_hide_title":false,"_genesis_hide_breadcrumbs":false,"_genesis_hide_singular_image":false,"_genesis_hide_footer_widgets":false,"_genesis_custom_body_class":"","_genesis_custom_post_class":"","_genesis_layout":"","_jetpack_memberships_contains_paid_content":false,"footnotes":""},"categories":[22],"tags":[],"class_list":{"0":"post-63794","1":"post","2":"type-post","3":"status-publish","4":"format-standard","5":"has-post-thumbnail","7":"category-brasil","8":"entry","9":"gs-1","10":"gs-odd","11":"gs-even","12":"gs-featured-content-entry"},"jetpack_featured_media_url":"https:\/\/www.redenoticia.com.br\/noticia\/imagens\/inss-pagamento-aposentadoria-beneficio-aposentados.jpg","jetpack_sharing_enabled":true,"jetpack_likes_enabled":true,"_links":{"self":[{"href":"https:\/\/www.redenoticia.com.br\/noticia\/wp-json\/wp\/v2\/posts\/63794","targetHints":{"allow":["GET"]}}],"collection":[{"href":"https:\/\/www.redenoticia.com.br\/noticia\/wp-json\/wp\/v2\/posts"}],"about":[{"href":"https:\/\/www.redenoticia.com.br\/noticia\/wp-json\/wp\/v2\/types\/post"}],"author":[{"embeddable":true,"href":"https:\/\/www.redenoticia.com.br\/noticia\/wp-json\/wp\/v2\/users\/2"}],"replies":[{"embeddable":true,"href":"https:\/\/www.redenoticia.com.br\/noticia\/wp-json\/wp\/v2\/comments?post=63794"}],"version-history":[{"count":0,"href":"https:\/\/www.redenoticia.com.br\/noticia\/wp-json\/wp\/v2\/posts\/63794\/revisions"}],"wp:featuredmedia":[{"embeddable":true,"href":"https:\/\/www.redenoticia.com.br\/noticia\/wp-json\/wp\/v2\/media\/24050"}],"wp:attachment":[{"href":"https:\/\/www.redenoticia.com.br\/noticia\/wp-json\/wp\/v2\/media?parent=63794"}],"wp:term":[{"taxonomy":"category","embeddable":true,"href":"https:\/\/www.redenoticia.com.br\/noticia\/wp-json\/wp\/v2\/categories?post=63794"},{"taxonomy":"post_tag","embeddable":true,"href":"https:\/\/www.redenoticia.com.br\/noticia\/wp-json\/wp\/v2\/tags?post=63794"}],"curies":[{"name":"wp","href":"https:\/\/api.w.org\/{rel}","templated":true}]}}