{"id":63790,"date":"2014-12-15T12:42:26","date_gmt":"2014-12-15T14:42:26","guid":{"rendered":"http:\/\/www.redenoticia.com.br\/noticia\/?p=63790"},"modified":"2014-12-15T12:42:26","modified_gmt":"2014-12-15T14:42:26","slug":"chuva-da-tregua-para-a-capital-paulista","status":"publish","type":"post","link":"https:\/\/www.redenoticia.com.br\/noticia\/2014\/chuva-da-tregua-para-a-capital-paulista\/63790","title":{"rendered":"Chuva d\u00e1 tr\u00e9gua para a capital paulista"},"content":{"rendered":"<p> A semana come\u00e7ou com <strong><em>tempo seco e com temperaturas mais baixas<\/em><\/strong> em S\u00e3o Paulo. A m\u00ednima chegou aos 17\u00b0C, mas a sensa\u00e7\u00e3o foi de 14\u00b0C na capital paulista neste in\u00edcio de semana. Esta sensa\u00e7\u00e3o de frio acontece devido aos ventos fortes que sopram de sul e a presen\u00e7a de uma massa de ar frio no oceano.<\/p>\n<p>De acordo com a Somar Meteorologia, o sol predomina e n\u00e3o chove no decorrer da segunda-feira. A temperatura sobe devagar, com m\u00e1xima que alcan\u00e7a os 26\u00b0C na capital. A sensa\u00e7\u00e3o de frio aumenta repentinamente pelos ventos fortes de sul no fim do dia. N\u00e3o h\u00e1 previs\u00e3o de chuva e os dias ser\u00e3o caracterizados por grande amplitude t\u00e9rmica at\u00e9 meados da semana.<\/p>\n<p>As madrugadas e as manh\u00e3s amanhecer\u00e3o com m\u00ednimas em torno dos 15\u00baC e \u00e0 tarde, a temperatura deve chegar at\u00e9 os 30\u00baC em S\u00e3o Paulo at\u00e9 a quarta-feira (17). Depois disso, as noites e as manh\u00e3s ser\u00e3o mais abafadas (em 18, 19, 21, 23 e entre 25 e 30 de dezembro), com m\u00ednimas em torno dos 20\u00b0C e m\u00e1ximas na casa dos 30\u00b0C.<\/p>\n","protected":false},"excerpt":{"rendered":"<p>A semana come\u00e7ou com tempo seco e com temperaturas mais baixas em S\u00e3o Paulo. A m\u00ednima chegou aos 17\u00b0C, mas a sensa\u00e7\u00e3o foi de 14\u00b0C na capital paulista neste in\u00edcio de semana. Esta sensa\u00e7\u00e3o de frio acontece devido aos ventos fortes que sopram de sul e a presen\u00e7a de uma massa de ar frio no [&hellip;]<\/p>\n","protected":false},"author":2,"featured_media":28409,"comment_status":"open","ping_status":"closed","sticky":false,"template":"","format":"standard","meta":{"_genesis_hide_title":false,"_genesis_hide_breadcrumbs":false,"_genesis_hide_singular_image":false,"_genesis_hide_footer_widgets":false,"_genesis_custom_body_class":"","_genesis_custom_post_class":"","_genesis_layout":"","_jetpack_memberships_contains_paid_content":false,"footnotes":""},"categories":[22],"tags":[],"class_list":{"0":"post-63790","1":"post","2":"type-post","3":"status-publish","4":"format-standard","5":"has-post-thumbnail","7":"category-brasil","8":"entry","9":"gs-1","10":"gs-odd","11":"gs-even","12":"gs-featured-content-entry"},"jetpack_featured_media_url":"https:\/\/www.redenoticia.com.br\/noticia\/imagens\/previsao-do-tempo-e-temperatura.jpg","jetpack_sharing_enabled":true,"jetpack_likes_enabled":true,"_links":{"self":[{"href":"https:\/\/www.redenoticia.com.br\/noticia\/wp-json\/wp\/v2\/posts\/63790","targetHints":{"allow":["GET"]}}],"collection":[{"href":"https:\/\/www.redenoticia.com.br\/noticia\/wp-json\/wp\/v2\/posts"}],"about":[{"href":"https:\/\/www.redenoticia.com.br\/noticia\/wp-json\/wp\/v2\/types\/post"}],"author":[{"embeddable":true,"href":"https:\/\/www.redenoticia.com.br\/noticia\/wp-json\/wp\/v2\/users\/2"}],"replies":[{"embeddable":true,"href":"https:\/\/www.redenoticia.com.br\/noticia\/wp-json\/wp\/v2\/comments?post=63790"}],"version-history":[{"count":0,"href":"https:\/\/www.redenoticia.com.br\/noticia\/wp-json\/wp\/v2\/posts\/63790\/revisions"}],"wp:featuredmedia":[{"embeddable":true,"href":"https:\/\/www.redenoticia.com.br\/noticia\/wp-json\/wp\/v2\/media\/28409"}],"wp:attachment":[{"href":"https:\/\/www.redenoticia.com.br\/noticia\/wp-json\/wp\/v2\/media?parent=63790"}],"wp:term":[{"taxonomy":"category","embeddable":true,"href":"https:\/\/www.redenoticia.com.br\/noticia\/wp-json\/wp\/v2\/categories?post=63790"},{"taxonomy":"post_tag","embeddable":true,"href":"https:\/\/www.redenoticia.com.br\/noticia\/wp-json\/wp\/v2\/tags?post=63790"}],"curies":[{"name":"wp","href":"https:\/\/api.w.org\/{rel}","templated":true}]}}