{"id":63699,"date":"2014-12-12T14:07:45","date_gmt":"2014-12-12T16:07:45","guid":{"rendered":"http:\/\/www.redenoticia.com.br\/noticia\/?p=63699"},"modified":"2014-12-12T14:07:45","modified_gmt":"2014-12-12T16:07:45","slug":"desemprego-deve-aumentar-na-america-latina-e-no-caribe-em-2015-diz-oit","status":"publish","type":"post","link":"https:\/\/www.redenoticia.com.br\/noticia\/2014\/desemprego-deve-aumentar-na-america-latina-e-no-caribe-em-2015-diz-oit\/63699","title":{"rendered":"Desemprego deve aumentar na Am\u00e9rica Latina e no Caribe em 2015, diz OIT"},"content":{"rendered":"<p>As taxas de <strong><em>desemprego<\/em><\/strong> na Am\u00e9rica Latina e no Caribe devem subir no ano que vem, de acordo com o relat\u00f3rio Panorama Laboral 2014, da Organiza\u00e7\u00e3o Internacional do Trabalho (OIT). Um dos motivos \u00e9 a desacelera\u00e7\u00e3o econ\u00f4mica. Segundo o estudo, a queda do desemprego registrada este ano n\u00e3o deve ocorrer em 2015.<\/p>\n<p>A taxa de desemprego urbano no terceiro trimestre de 2014 era 6,2%, devendo fechar o ano com uma taxa de 6,1%, abaixo dos 6,2% de 2013. Em 2015, no entanto, o setor vai sentir os efeitos do arrefecimento da economia. &#8220;A maior preocupa\u00e7\u00e3o \u00e9 que menos empregos est\u00e3o sendo criados&#8221;, disse a diretora regional da OIT para a Am\u00e9rica Latina e o Caribe, Elizabeth Tinoco.<\/p>\n<p>O comportamento at\u00edpico do desemprego, que caiu ao inv\u00e9s de subir, foi explicado pelo relat\u00f3rio da OIT como uma consequ\u00eancia da sa\u00edda de pessoas da for\u00e7a de trabalho, o que se refletiu numa queda na taxa de participa\u00e7\u00e3o e permitiu que os efeitos da queda na gera\u00e7\u00e3o de empregos fossem mais suaves. A taxa de participa\u00e7\u00e3o caiu 1,2 ponto percentual no Brasil de janeiro a setembro de 2013 e janeiro a setembro de 2014. Elisabeth explicou que essas pessoas, no entanto, devem voltar a participar dessa estat\u00edstica em 2015.<\/p>\n<p>\u201cMuitas das pessoas que deixaram o mercado de trabalho temporariamente, em 2014, voltar\u00e3o a procurar um novo emprego no pr\u00f3ximo ano, al\u00e9m dos jovens que ir\u00e3o ingressar no mercado de trabalho. A regi\u00e3o precisa criar quase 50 milh\u00f5es de empregos nos pr\u00f3ximos dez anos apenas para compensar o crescimento demogr\u00e1fico.\u201d<\/p>\n<p>Conforme o relat\u00f3rio, a taxa de desemprego poder\u00e1 chegar a 6,3%. O acr\u00e9scimo de 0,2% significa mais 500 mil desempregados na Am\u00e9rica Latina e no Caribe.<\/p>\n<p>Da Ag\u00eancia Brasil<br \/>\nEdi\u00e7\u00e3o: A\u00e9cio Amado<\/p>\n","protected":false},"excerpt":{"rendered":"<p>As taxas de desemprego na Am\u00e9rica Latina e no Caribe devem subir no ano que vem, de acordo com o relat\u00f3rio Panorama Laboral 2014, da Organiza\u00e7\u00e3o Internacional do Trabalho (OIT). Um dos motivos \u00e9 a desacelera\u00e7\u00e3o econ\u00f4mica. Segundo o estudo, a queda do desemprego registrada este ano n\u00e3o deve ocorrer em 2015. A taxa de [&hellip;]<\/p>\n","protected":false},"author":2,"featured_media":57583,"comment_status":"open","ping_status":"closed","sticky":false,"template":"","format":"standard","meta":{"_genesis_hide_title":false,"_genesis_hide_breadcrumbs":false,"_genesis_hide_singular_image":false,"_genesis_hide_footer_widgets":false,"_genesis_custom_body_class":"","_genesis_custom_post_class":"","_genesis_layout":"","_jetpack_memberships_contains_paid_content":false,"footnotes":""},"categories":[22,7],"tags":[],"class_list":{"0":"post-63699","1":"post","2":"type-post","3":"status-publish","4":"format-standard","5":"has-post-thumbnail","7":"category-brasil","8":"category-economia","9":"entry","10":"gs-1","11":"gs-odd","12":"gs-even","13":"gs-featured-content-entry"},"jetpack_featured_media_url":"https:\/\/www.redenoticia.com.br\/noticia\/imagens\/economia-grafico.jpg","jetpack_sharing_enabled":true,"jetpack_likes_enabled":true,"_links":{"self":[{"href":"https:\/\/www.redenoticia.com.br\/noticia\/wp-json\/wp\/v2\/posts\/63699","targetHints":{"allow":["GET"]}}],"collection":[{"href":"https:\/\/www.redenoticia.com.br\/noticia\/wp-json\/wp\/v2\/posts"}],"about":[{"href":"https:\/\/www.redenoticia.com.br\/noticia\/wp-json\/wp\/v2\/types\/post"}],"author":[{"embeddable":true,"href":"https:\/\/www.redenoticia.com.br\/noticia\/wp-json\/wp\/v2\/users\/2"}],"replies":[{"embeddable":true,"href":"https:\/\/www.redenoticia.com.br\/noticia\/wp-json\/wp\/v2\/comments?post=63699"}],"version-history":[{"count":0,"href":"https:\/\/www.redenoticia.com.br\/noticia\/wp-json\/wp\/v2\/posts\/63699\/revisions"}],"wp:featuredmedia":[{"embeddable":true,"href":"https:\/\/www.redenoticia.com.br\/noticia\/wp-json\/wp\/v2\/media\/57583"}],"wp:attachment":[{"href":"https:\/\/www.redenoticia.com.br\/noticia\/wp-json\/wp\/v2\/media?parent=63699"}],"wp:term":[{"taxonomy":"category","embeddable":true,"href":"https:\/\/www.redenoticia.com.br\/noticia\/wp-json\/wp\/v2\/categories?post=63699"},{"taxonomy":"post_tag","embeddable":true,"href":"https:\/\/www.redenoticia.com.br\/noticia\/wp-json\/wp\/v2\/tags?post=63699"}],"curies":[{"name":"wp","href":"https:\/\/api.w.org\/{rel}","templated":true}]}}