{"id":63695,"date":"2014-12-12T14:01:49","date_gmt":"2014-12-12T16:01:49","guid":{"rendered":"http:\/\/www.redenoticia.com.br\/noticia\/?p=63695"},"modified":"2014-12-12T14:01:49","modified_gmt":"2014-12-12T16:01:49","slug":"inflacao-para-familias-com-renda-mais-baixa-sobe-para-056-em-novembro","status":"publish","type":"post","link":"https:\/\/www.redenoticia.com.br\/noticia\/2014\/inflacao-para-familias-com-renda-mais-baixa-sobe-para-056-em-novembro\/63695","title":{"rendered":"Infla\u00e7\u00e3o para fam\u00edlias com renda mais baixa sobe para 0,56% em novembro"},"content":{"rendered":"<p> O \u00cdndice de Pre\u00e7os ao Consumidor \u2013 Classe 1 (IPC-C1), que mede a infla\u00e7\u00e3o para fam\u00edlias com renda at\u00e9 2,5 sal\u00e1rios m\u00ednimos, fechou novembro com taxa de 0,56%. Segundo a Funda\u00e7\u00e3o Getulio Vargas (FGV), o indicador acumula taxas de <strong><em>infla\u00e7\u00e3o<\/em><\/strong> de 5,56% no ano e de 6,15% nos \u00faltimos 12 meses.<\/p>\n<p>A taxa de novembro \u00e9 superior \u00e0 registrada pelo IPC-C1 em outubro (0,46%), mas inferior \u00e0 infla\u00e7\u00e3o para todas as faixas de renda, medida pelo \u00cdndice de Pre\u00e7os ao Consumidor \u2013 Brasil (IPC-BR), que foi 0,65% no m\u00eas e que acumula aumento de pre\u00e7os de 6,81% no per\u00edodo de 12 meses.<\/p>\n<p>O avan\u00e7o da taxa de outubro para novembro foi puxada por quatro classes de despesas, entre elas, alimenta\u00e7\u00e3o, cuja infla\u00e7\u00e3o subiu de 0,43% em outubro para 0,76% em novembro. Foram destaque nessa classe de despesas as hortali\u00e7as e legumes, que tiveram alta de pre\u00e7os de 13,04% em novembro.<\/p>\n<p>Outras classes com alta na taxa s\u00e3o habita\u00e7\u00e3o (de 0,55% para 0,76%), educa\u00e7\u00e3o, leitura e recrea\u00e7\u00e3o (de 0,38% para 1%) e despesas diversas (de 0,13% para 0,2%).<\/p>\n<p>Vitor Abdala &#8211; Rep\u00f3rter da Ag\u00eancia Brasil<br \/>\nEdi\u00e7\u00e3o: Gra\u00e7a Adjuto<\/p>\n","protected":false},"excerpt":{"rendered":"<p>O \u00cdndice de Pre\u00e7os ao Consumidor \u2013 Classe 1 (IPC-C1), que mede a infla\u00e7\u00e3o para fam\u00edlias com renda at\u00e9 2,5 sal\u00e1rios m\u00ednimos, fechou novembro com taxa de 0,56%. Segundo a Funda\u00e7\u00e3o Getulio Vargas (FGV), o indicador acumula taxas de infla\u00e7\u00e3o de 5,56% no ano e de 6,15% nos \u00faltimos 12 meses. A taxa de novembro [&hellip;]<\/p>\n","protected":false},"author":2,"featured_media":34916,"comment_status":"open","ping_status":"closed","sticky":false,"template":"","format":"standard","meta":{"_genesis_hide_title":false,"_genesis_hide_breadcrumbs":false,"_genesis_hide_singular_image":false,"_genesis_hide_footer_widgets":false,"_genesis_custom_body_class":"","_genesis_custom_post_class":"","_genesis_layout":"","_jetpack_memberships_contains_paid_content":false,"footnotes":""},"categories":[22,7],"tags":[],"class_list":{"0":"post-63695","1":"post","2":"type-post","3":"status-publish","4":"format-standard","5":"has-post-thumbnail","7":"category-brasil","8":"category-economia","9":"entry","10":"gs-1","11":"gs-odd","12":"gs-even","13":"gs-featured-content-entry"},"jetpack_featured_media_url":"https:\/\/www.redenoticia.com.br\/noticia\/imagens\/inflacao.jpg","jetpack_sharing_enabled":true,"jetpack_likes_enabled":true,"_links":{"self":[{"href":"https:\/\/www.redenoticia.com.br\/noticia\/wp-json\/wp\/v2\/posts\/63695","targetHints":{"allow":["GET"]}}],"collection":[{"href":"https:\/\/www.redenoticia.com.br\/noticia\/wp-json\/wp\/v2\/posts"}],"about":[{"href":"https:\/\/www.redenoticia.com.br\/noticia\/wp-json\/wp\/v2\/types\/post"}],"author":[{"embeddable":true,"href":"https:\/\/www.redenoticia.com.br\/noticia\/wp-json\/wp\/v2\/users\/2"}],"replies":[{"embeddable":true,"href":"https:\/\/www.redenoticia.com.br\/noticia\/wp-json\/wp\/v2\/comments?post=63695"}],"version-history":[{"count":0,"href":"https:\/\/www.redenoticia.com.br\/noticia\/wp-json\/wp\/v2\/posts\/63695\/revisions"}],"wp:featuredmedia":[{"embeddable":true,"href":"https:\/\/www.redenoticia.com.br\/noticia\/wp-json\/wp\/v2\/media\/34916"}],"wp:attachment":[{"href":"https:\/\/www.redenoticia.com.br\/noticia\/wp-json\/wp\/v2\/media?parent=63695"}],"wp:term":[{"taxonomy":"category","embeddable":true,"href":"https:\/\/www.redenoticia.com.br\/noticia\/wp-json\/wp\/v2\/categories?post=63695"},{"taxonomy":"post_tag","embeddable":true,"href":"https:\/\/www.redenoticia.com.br\/noticia\/wp-json\/wp\/v2\/tags?post=63695"}],"curies":[{"name":"wp","href":"https:\/\/api.w.org\/{rel}","templated":true}]}}