{"id":63693,"date":"2014-12-12T14:00:03","date_gmt":"2014-12-12T16:00:03","guid":{"rendered":"http:\/\/www.redenoticia.com.br\/noticia\/?p=63693"},"modified":"2014-12-12T14:00:03","modified_gmt":"2014-12-12T16:00:03","slug":"justica-de-17-paises-da-america-defendem-novas-tecnologias-a-servico-do-cidadao","status":"publish","type":"post","link":"https:\/\/www.redenoticia.com.br\/noticia\/2014\/justica-de-17-paises-da-america-defendem-novas-tecnologias-a-servico-do-cidadao\/63693","title":{"rendered":"Justi\u00e7a de 17 pa\u00edses da Am\u00e9rica defendem novas tecnologias a servi\u00e7o do cidad\u00e3o"},"content":{"rendered":"<p> Representantes dos <strong><em>minist\u00e9rios da Justi\u00e7a<\/em><\/strong> de 17 pa\u00edses do Continente Americano propuseram, em reuni\u00e3o na cidade colombiana de Cartagena, estimular a utiliza\u00e7\u00e3o de novas tecnologias para aproximar os servi\u00e7os dos cidad\u00e3os, revelou fonte oficial.<\/p>\n<p>A proposta foi apresentada na Reuni\u00e3o dos Minist\u00e9rios da Justi\u00e7a, Procuradores e Procuradores-Gerais das Am\u00e9ricas, como forma de agilizar os processos judiciais, que s\u00e3o considerados muito lentos.<\/p>\n<p>Na reuni\u00e3o, os delegados destacaram a import\u00e2ncia de adotar programas de educa\u00e7\u00e3o jur\u00eddica para que a popula\u00e7\u00e3o conhe\u00e7a as garantias que t\u00eam ao procurar os tribunais.<\/p>\n<p>Nota do Minist\u00e9rio da Justi\u00e7a da Col\u00f4mbia lembra que os participantes do f\u00f3rum defenderam a import\u00e2ncia de estimular os Estados-Membros da Organiza\u00e7\u00e3o dos Estados Americanos para a presta\u00e7\u00e3o de servi\u00e7os legais, como as defesas p\u00fablicas, os ju\u00edzes de paz e conciliadores e os ju\u00edzos m\u00f3veis.<\/p>\n<p>Eles defenderam tamb\u00e9m a utiliza\u00e7\u00e3o de meios alternativos de solu\u00e7\u00e3o de conflitos, como a media\u00e7\u00e3o, concilia\u00e7\u00e3o e arbitragem.<\/p>\n","protected":false},"excerpt":{"rendered":"<p>Representantes dos minist\u00e9rios da Justi\u00e7a de 17 pa\u00edses do Continente Americano propuseram, em reuni\u00e3o na cidade colombiana de Cartagena, estimular a utiliza\u00e7\u00e3o de novas tecnologias para aproximar os servi\u00e7os dos cidad\u00e3os, revelou fonte oficial. A proposta foi apresentada na Reuni\u00e3o dos Minist\u00e9rios da Justi\u00e7a, Procuradores e Procuradores-Gerais das Am\u00e9ricas, como forma de agilizar os processos [&hellip;]<\/p>\n","protected":false},"author":2,"featured_media":57576,"comment_status":"open","ping_status":"closed","sticky":false,"template":"","format":"standard","meta":{"_genesis_hide_title":false,"_genesis_hide_breadcrumbs":false,"_genesis_hide_singular_image":false,"_genesis_hide_footer_widgets":false,"_genesis_custom_body_class":"","_genesis_custom_post_class":"","_genesis_layout":"","_jetpack_memberships_contains_paid_content":false,"footnotes":""},"categories":[22],"tags":[],"class_list":{"0":"post-63693","1":"post","2":"type-post","3":"status-publish","4":"format-standard","5":"has-post-thumbnail","7":"category-brasil","8":"entry","9":"gs-1","10":"gs-odd","11":"gs-even","12":"gs-featured-content-entry"},"jetpack_featured_media_url":"https:\/\/www.redenoticia.com.br\/noticia\/imagens\/tecnologia1.jpg","jetpack_sharing_enabled":true,"jetpack_likes_enabled":true,"_links":{"self":[{"href":"https:\/\/www.redenoticia.com.br\/noticia\/wp-json\/wp\/v2\/posts\/63693","targetHints":{"allow":["GET"]}}],"collection":[{"href":"https:\/\/www.redenoticia.com.br\/noticia\/wp-json\/wp\/v2\/posts"}],"about":[{"href":"https:\/\/www.redenoticia.com.br\/noticia\/wp-json\/wp\/v2\/types\/post"}],"author":[{"embeddable":true,"href":"https:\/\/www.redenoticia.com.br\/noticia\/wp-json\/wp\/v2\/users\/2"}],"replies":[{"embeddable":true,"href":"https:\/\/www.redenoticia.com.br\/noticia\/wp-json\/wp\/v2\/comments?post=63693"}],"version-history":[{"count":0,"href":"https:\/\/www.redenoticia.com.br\/noticia\/wp-json\/wp\/v2\/posts\/63693\/revisions"}],"wp:featuredmedia":[{"embeddable":true,"href":"https:\/\/www.redenoticia.com.br\/noticia\/wp-json\/wp\/v2\/media\/57576"}],"wp:attachment":[{"href":"https:\/\/www.redenoticia.com.br\/noticia\/wp-json\/wp\/v2\/media?parent=63693"}],"wp:term":[{"taxonomy":"category","embeddable":true,"href":"https:\/\/www.redenoticia.com.br\/noticia\/wp-json\/wp\/v2\/categories?post=63693"},{"taxonomy":"post_tag","embeddable":true,"href":"https:\/\/www.redenoticia.com.br\/noticia\/wp-json\/wp\/v2\/tags?post=63693"}],"curies":[{"name":"wp","href":"https:\/\/api.w.org\/{rel}","templated":true}]}}