{"id":63691,"date":"2014-12-12T13:58:01","date_gmt":"2014-12-12T15:58:01","guid":{"rendered":"http:\/\/www.redenoticia.com.br\/noticia\/?p=63691"},"modified":"2014-12-12T13:58:01","modified_gmt":"2014-12-12T15:58:01","slug":"virada-do-ano-sera-com-chuva-e-tempo-abafado-de-norte-a-sul-do-pais","status":"publish","type":"post","link":"https:\/\/www.redenoticia.com.br\/noticia\/2014\/virada-do-ano-sera-com-chuva-e-tempo-abafado-de-norte-a-sul-do-pais\/63691","title":{"rendered":"Virada do ano ser\u00e1 com chuva e tempo abafado de Norte \u00e0 Sul do pa\u00eds"},"content":{"rendered":"<p> Este ano passou r\u00e1pido e j\u00e1 estamos pr\u00f3ximos de mais um <strong><em>reveillon<\/em><\/strong>. Ser\u00e1 que a festa da virada em sua cidade vai ser com chuva ou tempo seco? A Somar Meteorologia j\u00e1 adianta esta informa\u00e7\u00e3o.<\/p>\n<p>Pra voc\u00ea que quer sol, praia e tempo seco, a melhor op\u00e7\u00e3o para a semana da virada \u00e9 o litoral do Nordeste. Segundo a previs\u00e3o da Somar, o tempo fica aberto e ensolarado desde S\u00e3o Luis no Maranh\u00e3o at\u00e9 Salvador, j\u00e1 na regi\u00e3o Norte, o sol brilha forte na costa do Par\u00e1.<\/p>\n<p>Pancadas de chuva v\u00e3o atingir grande parte do Brasil no fim do dia<\/p>\n<p>A chuva vai atingir as regi\u00f5es Norte, Centro-Oeste, Sul e Sudeste do Brasil. \u201cEssa precipita\u00e7\u00e3o ser\u00e1 em forma de pancadas de fim de tarde, o que deixa o tempo aproveit\u00e1vel na primeira parte do dia\u201d, comenta o meteorologista da Somar, Celso Oliveira. <\/p>\n<p>Fica o alerta para descargas el\u00e9tricas principalmente na praia. Aten\u00e7\u00e3o tamb\u00e9m com alagamentos tanto nas regi\u00f5es Metropolitanas quanto no litoral. Mesmo com chuva, a tend\u00eancia \u00e9 de tempo abafado em todo o Brasil.<\/p>\n","protected":false},"excerpt":{"rendered":"<p>Este ano passou r\u00e1pido e j\u00e1 estamos pr\u00f3ximos de mais um reveillon. Ser\u00e1 que a festa da virada em sua cidade vai ser com chuva ou tempo seco? A Somar Meteorologia j\u00e1 adianta esta informa\u00e7\u00e3o. Pra voc\u00ea que quer sol, praia e tempo seco, a melhor op\u00e7\u00e3o para a semana da virada \u00e9 o litoral [&hellip;]<\/p>\n","protected":false},"author":2,"featured_media":28409,"comment_status":"open","ping_status":"closed","sticky":false,"template":"","format":"standard","meta":{"_genesis_hide_title":false,"_genesis_hide_breadcrumbs":false,"_genesis_hide_singular_image":false,"_genesis_hide_footer_widgets":false,"_genesis_custom_body_class":"","_genesis_custom_post_class":"","_genesis_layout":"","_jetpack_memberships_contains_paid_content":false,"footnotes":""},"categories":[22],"tags":[],"class_list":{"0":"post-63691","1":"post","2":"type-post","3":"status-publish","4":"format-standard","5":"has-post-thumbnail","7":"category-brasil","8":"entry","9":"gs-1","10":"gs-odd","11":"gs-even","12":"gs-featured-content-entry"},"jetpack_featured_media_url":"https:\/\/www.redenoticia.com.br\/noticia\/imagens\/previsao-do-tempo-e-temperatura.jpg","jetpack_sharing_enabled":true,"jetpack_likes_enabled":true,"_links":{"self":[{"href":"https:\/\/www.redenoticia.com.br\/noticia\/wp-json\/wp\/v2\/posts\/63691","targetHints":{"allow":["GET"]}}],"collection":[{"href":"https:\/\/www.redenoticia.com.br\/noticia\/wp-json\/wp\/v2\/posts"}],"about":[{"href":"https:\/\/www.redenoticia.com.br\/noticia\/wp-json\/wp\/v2\/types\/post"}],"author":[{"embeddable":true,"href":"https:\/\/www.redenoticia.com.br\/noticia\/wp-json\/wp\/v2\/users\/2"}],"replies":[{"embeddable":true,"href":"https:\/\/www.redenoticia.com.br\/noticia\/wp-json\/wp\/v2\/comments?post=63691"}],"version-history":[{"count":0,"href":"https:\/\/www.redenoticia.com.br\/noticia\/wp-json\/wp\/v2\/posts\/63691\/revisions"}],"wp:featuredmedia":[{"embeddable":true,"href":"https:\/\/www.redenoticia.com.br\/noticia\/wp-json\/wp\/v2\/media\/28409"}],"wp:attachment":[{"href":"https:\/\/www.redenoticia.com.br\/noticia\/wp-json\/wp\/v2\/media?parent=63691"}],"wp:term":[{"taxonomy":"category","embeddable":true,"href":"https:\/\/www.redenoticia.com.br\/noticia\/wp-json\/wp\/v2\/categories?post=63691"},{"taxonomy":"post_tag","embeddable":true,"href":"https:\/\/www.redenoticia.com.br\/noticia\/wp-json\/wp\/v2\/tags?post=63691"}],"curies":[{"name":"wp","href":"https:\/\/api.w.org\/{rel}","templated":true}]}}