{"id":63544,"date":"2014-12-09T15:24:06","date_gmt":"2014-12-09T17:24:06","guid":{"rendered":"http:\/\/www.redenoticia.com.br\/noticia\/?p=63544"},"modified":"2014-12-09T15:24:06","modified_gmt":"2014-12-09T17:24:06","slug":"ipc-da-fipe-apresenta-variacao-de-064-na-primeira-previa-de-dezembro","status":"publish","type":"post","link":"https:\/\/www.redenoticia.com.br\/noticia\/2014\/ipc-da-fipe-apresenta-variacao-de-064-na-primeira-previa-de-dezembro\/63544","title":{"rendered":"IPC da Fipe apresenta varia\u00e7\u00e3o de 0,64% na primeira pr\u00e9via de dezembro"},"content":{"rendered":"<p> O <strong><em>\u00cdndice de Pre\u00e7os ao Consumidor<\/em><\/strong> (IPC), medido pela Funda\u00e7\u00e3o Instituto de Pesquisas Econ\u00f4micas (Fipe) na cidade de S\u00e3o Paulo, desacelerou na primeira pr\u00e9via de dezembro e passou de 0,69%, percentual registrado no fechamento de novembro, para 0,64%.<\/p>\n<p>Dos sete grupos pesquisados, houve desacelera\u00e7\u00e3o em quatro, na compara\u00e7\u00e3o com a pr\u00e9via anterior. Alimenta\u00e7\u00e3o apresentou varia\u00e7\u00e3o de 1,42% ante 1,55%; habita\u00e7\u00e3o, 0,08% ante 0,19% registrado no fechamento de novembro; despesas pessoais desacelerou 0,33 ponto percentual e saiu de 1,24% para 0,91%; e no grupo educa\u00e7\u00e3o houve decr\u00e9scimo de 0,5% para 0,04%.<\/p>\n<p>Em contrapartida, a Fipe registrou aumento em transportes (0,21% para 0,42%), sa\u00fade (0,71% para 0,81%) e vestu\u00e1rio (0,72% para 0,96%).<\/p>\n<p>Da Ag\u00eancia Brasil<br \/>\nEdi\u00e7\u00e3o: Marcos Chagas<\/p>\n<p>&#8212;<br \/>\nA Funda\u00e7\u00e3o Instituto de Pesquisas Econ\u00f4micas &#8211; Fipe \u00e9 uma entidade de direito privado, sem fins lucrativos, criada em 1973 para apoiar o Departamento de Economia da Faculdade de Economia, Administra\u00e7\u00e3o e Contabilidade da Universidade de S\u00e3o Paulo (FEA-USP), com destacada atua\u00e7\u00e3o nas \u00e1reas de pesquisa e ensino.<\/p>\n<p> A Fipe estuda os fen\u00f4menos econ\u00f4micos e sociais com base no instrumental te\u00f3rico e metodol\u00f3gico da Economia, com o prop\u00f3sito de contribuir para:<br \/>\n&#8211; o debate dos problemas econ\u00f4micos e sociais do pa\u00eds;<br \/>\n&#8211; a formula\u00e7\u00e3o de pol\u00edticas econ\u00f4micas e outras pol\u00edticas p\u00fablicas;<br \/>\n&#8211; a avalia\u00e7\u00e3o da import\u00e2ncia dessas pol\u00edticas para o crescimento sustent\u00e1vel da economia brasileira, o fortalecimento do sistema produtivo, o aumento da competitividade do pa\u00eds, a melhor distribui\u00e7\u00e3o da renda e a elimina\u00e7\u00e3o da pobreza.<\/p>\n","protected":false},"excerpt":{"rendered":"<p>O \u00cdndice de Pre\u00e7os ao Consumidor (IPC), medido pela Funda\u00e7\u00e3o Instituto de Pesquisas Econ\u00f4micas (Fipe) na cidade de S\u00e3o Paulo, desacelerou na primeira pr\u00e9via de dezembro e passou de 0,69%, percentual registrado no fechamento de novembro, para 0,64%. Dos sete grupos pesquisados, houve desacelera\u00e7\u00e3o em quatro, na compara\u00e7\u00e3o com a pr\u00e9via anterior. Alimenta\u00e7\u00e3o apresentou varia\u00e7\u00e3o [&hellip;]<\/p>\n","protected":false},"author":2,"featured_media":57585,"comment_status":"open","ping_status":"closed","sticky":false,"template":"","format":"standard","meta":{"_genesis_hide_title":false,"_genesis_hide_breadcrumbs":false,"_genesis_hide_singular_image":false,"_genesis_hide_footer_widgets":false,"_genesis_custom_body_class":"","_genesis_custom_post_class":"","_genesis_layout":"","_jetpack_memberships_contains_paid_content":false,"footnotes":""},"categories":[22,7],"tags":[],"class_list":{"0":"post-63544","1":"post","2":"type-post","3":"status-publish","4":"format-standard","5":"has-post-thumbnail","7":"category-brasil","8":"category-economia","9":"entry","10":"gs-1","11":"gs-odd","12":"gs-even","13":"gs-featured-content-entry"},"jetpack_featured_media_url":"https:\/\/www.redenoticia.com.br\/noticia\/imagens\/analise-economia.jpg","jetpack_sharing_enabled":true,"jetpack_likes_enabled":true,"_links":{"self":[{"href":"https:\/\/www.redenoticia.com.br\/noticia\/wp-json\/wp\/v2\/posts\/63544","targetHints":{"allow":["GET"]}}],"collection":[{"href":"https:\/\/www.redenoticia.com.br\/noticia\/wp-json\/wp\/v2\/posts"}],"about":[{"href":"https:\/\/www.redenoticia.com.br\/noticia\/wp-json\/wp\/v2\/types\/post"}],"author":[{"embeddable":true,"href":"https:\/\/www.redenoticia.com.br\/noticia\/wp-json\/wp\/v2\/users\/2"}],"replies":[{"embeddable":true,"href":"https:\/\/www.redenoticia.com.br\/noticia\/wp-json\/wp\/v2\/comments?post=63544"}],"version-history":[{"count":0,"href":"https:\/\/www.redenoticia.com.br\/noticia\/wp-json\/wp\/v2\/posts\/63544\/revisions"}],"wp:featuredmedia":[{"embeddable":true,"href":"https:\/\/www.redenoticia.com.br\/noticia\/wp-json\/wp\/v2\/media\/57585"}],"wp:attachment":[{"href":"https:\/\/www.redenoticia.com.br\/noticia\/wp-json\/wp\/v2\/media?parent=63544"}],"wp:term":[{"taxonomy":"category","embeddable":true,"href":"https:\/\/www.redenoticia.com.br\/noticia\/wp-json\/wp\/v2\/categories?post=63544"},{"taxonomy":"post_tag","embeddable":true,"href":"https:\/\/www.redenoticia.com.br\/noticia\/wp-json\/wp\/v2\/tags?post=63544"}],"curies":[{"name":"wp","href":"https:\/\/api.w.org\/{rel}","templated":true}]}}