{"id":63542,"date":"2014-12-09T15:20:59","date_gmt":"2014-12-09T17:20:59","guid":{"rendered":"http:\/\/www.redenoticia.com.br\/noticia\/?p=63542"},"modified":"2014-12-09T15:20:59","modified_gmt":"2014-12-09T17:20:59","slug":"producao-de-motocicletas-registra-queda-de-158-em-novembro","status":"publish","type":"post","link":"https:\/\/www.redenoticia.com.br\/noticia\/2014\/producao-de-motocicletas-registra-queda-de-158-em-novembro\/63542","title":{"rendered":"Produ\u00e7\u00e3o de motocicletas registra queda de 15,8% em novembro"},"content":{"rendered":"<p> A <strong><em>produ\u00e7\u00e3o de motocicletas<\/em><\/strong> registrou queda de 15,8% em novembro, em compara\u00e7\u00e3o com o m\u00eas anterior. Balan\u00e7o divulgado pela Associa\u00e7\u00e3o Brasileira dos Fabricantes de Motocicletas, Ciclomotores, Motonetas, Bicicletas e Similares (Abraciclo) revela que, no per\u00edodo, sa\u00edram das f\u00e1bricas 121.719 motocicletas, contra 144.596 unidades produzidas em outubro. No acumulado dos 11 meses deste ano, foram fabricadas 1.429.012 motocicletas, o que corresponde a uma queda de 10,2% em rela\u00e7\u00e3o a igual per\u00edodo de 2013, quando foram registradas 1.592.073 unidades.<\/p>\n<p>Conforme a Abraciclo, os n\u00fameros do acumulado do ano das vendas no atacado (da montadora para as concession\u00e1rias) fecharam 11,3% abaixo de 2013. Segundo os dados, a produ\u00e7\u00e3o atingiu 1.483.307 em 2013, contra 1.316.391 em 2014. Na compara\u00e7\u00e3o mensal, os resultados foram 7,2% menor, gerando um volume de 129.156 motocicletas comercializadas em outubro, contra 119.808 em novembro.<\/p>\n<p>As exporta\u00e7\u00f5es de motos tamb\u00e9m registraram redu\u00e7\u00e3o no m\u00eas passado. Foram comercializadas para outros pa\u00edses 7.107 unidades em outubro, 52,8% a menos que em novembro (3.355 motos). De acordo com a associa\u00e7\u00e3o, a queda brusca \u00e9 explicada pelo recuo do mercado argentino. No acumulado, a queda foi de 16,3%, quando comparado a 2013. Foram 98.002 motos exportadas no ano passado e 82.003 em 2014.<\/p>\n<p>Apesar disso, o presidente da entidade, Marcos Fermanian, faz uma previs\u00e3o otimista para o pr\u00f3ximo ano. \u201cEm 2015, n\u00e3o teremos os impactos negativos que tivemos em 2014 no varejo, principalmente com a Copa do Mundo e as elei\u00e7\u00f5es&#8221;.<\/p>\n<p>Para Fermanian, mesmo sendo um ano com expectativas de ajustes da economia brasileira, com a chegada da nova equipe econ\u00f4mica, o setor est\u00e1 confiante na retomada do mercado. &#8220;Al\u00e9m disso, acreditamos que as medidas sobre retomada de bens deve favorecer o mercado, permitindo a flexibiliza\u00e7\u00e3o nas concess\u00f5es de cr\u00e9dito e contribuindo para o segmento atingir seus objetivos\u201d, acrescentou.<\/p>\n<p>Da Ag\u00eancia Brasil<br \/>\nEdi\u00e7\u00e3o: Armando Cardoso<\/p>\n","protected":false},"excerpt":{"rendered":"<p>A produ\u00e7\u00e3o de motocicletas registrou queda de 15,8% em novembro, em compara\u00e7\u00e3o com o m\u00eas anterior. Balan\u00e7o divulgado pela Associa\u00e7\u00e3o Brasileira dos Fabricantes de Motocicletas, Ciclomotores, Motonetas, Bicicletas e Similares (Abraciclo) revela que, no per\u00edodo, sa\u00edram das f\u00e1bricas 121.719 motocicletas, contra 144.596 unidades produzidas em outubro. No acumulado dos 11 meses deste ano, foram fabricadas [&hellip;]<\/p>\n","protected":false},"author":2,"featured_media":40517,"comment_status":"open","ping_status":"closed","sticky":false,"template":"","format":"standard","meta":{"_genesis_hide_title":false,"_genesis_hide_breadcrumbs":false,"_genesis_hide_singular_image":false,"_genesis_hide_footer_widgets":false,"_genesis_custom_body_class":"","_genesis_custom_post_class":"","_genesis_layout":"","_jetpack_memberships_contains_paid_content":false,"footnotes":""},"categories":[22,7],"tags":[],"class_list":{"0":"post-63542","1":"post","2":"type-post","3":"status-publish","4":"format-standard","5":"has-post-thumbnail","7":"category-brasil","8":"category-economia","9":"entry","10":"gs-1","11":"gs-odd","12":"gs-even","13":"gs-featured-content-entry"},"jetpack_featured_media_url":"https:\/\/www.redenoticia.com.br\/noticia\/imagens\/economia-previsao.jpg","jetpack_sharing_enabled":true,"jetpack_likes_enabled":true,"_links":{"self":[{"href":"https:\/\/www.redenoticia.com.br\/noticia\/wp-json\/wp\/v2\/posts\/63542","targetHints":{"allow":["GET"]}}],"collection":[{"href":"https:\/\/www.redenoticia.com.br\/noticia\/wp-json\/wp\/v2\/posts"}],"about":[{"href":"https:\/\/www.redenoticia.com.br\/noticia\/wp-json\/wp\/v2\/types\/post"}],"author":[{"embeddable":true,"href":"https:\/\/www.redenoticia.com.br\/noticia\/wp-json\/wp\/v2\/users\/2"}],"replies":[{"embeddable":true,"href":"https:\/\/www.redenoticia.com.br\/noticia\/wp-json\/wp\/v2\/comments?post=63542"}],"version-history":[{"count":0,"href":"https:\/\/www.redenoticia.com.br\/noticia\/wp-json\/wp\/v2\/posts\/63542\/revisions"}],"wp:featuredmedia":[{"embeddable":true,"href":"https:\/\/www.redenoticia.com.br\/noticia\/wp-json\/wp\/v2\/media\/40517"}],"wp:attachment":[{"href":"https:\/\/www.redenoticia.com.br\/noticia\/wp-json\/wp\/v2\/media?parent=63542"}],"wp:term":[{"taxonomy":"category","embeddable":true,"href":"https:\/\/www.redenoticia.com.br\/noticia\/wp-json\/wp\/v2\/categories?post=63542"},{"taxonomy":"post_tag","embeddable":true,"href":"https:\/\/www.redenoticia.com.br\/noticia\/wp-json\/wp\/v2\/tags?post=63542"}],"curies":[{"name":"wp","href":"https:\/\/api.w.org\/{rel}","templated":true}]}}