{"id":63500,"date":"2014-12-08T15:07:54","date_gmt":"2014-12-08T17:07:54","guid":{"rendered":"http:\/\/www.redenoticia.com.br\/noticia\/?p=63500"},"modified":"2014-12-08T15:07:54","modified_gmt":"2014-12-08T17:07:54","slug":"alimentos-puxam-precos-ao-consumidor-pesquisados-pela-fgv","status":"publish","type":"post","link":"https:\/\/www.redenoticia.com.br\/noticia\/2014\/alimentos-puxam-precos-ao-consumidor-pesquisados-pela-fgv\/63500","title":{"rendered":"Alimentos puxam pre\u00e7os ao consumidor pesquisados pela FGV"},"content":{"rendered":"<p> O <strong><em>\u00cdndice de Pre\u00e7os ao Consumidor Semanal<\/em><\/strong> (IPC-S), divulgado pelo Instituto Brasileiro de Economia da Funda\u00e7\u00e3o Getulio Vargas, apresentou varia\u00e7\u00e3o de 0,77% acima da \u00faltima taxa. De acordo com a apura\u00e7\u00e3o, as oito classes de despesa que formam o \u00edndice apresentaram acr\u00e9scimo em suas taxas de varia\u00e7\u00e3o.<\/p>\n<p> A principal contribui\u00e7\u00e3o para o avan\u00e7o do \u00edndice partiu do grupo Alimenta\u00e7\u00e3o, que passou de 0,65% para 0,88%, com destaque para as hortali\u00e7as e legumes, cuja taxa passou de 10,67% para 13,12%.<\/p>\n<p> Os grupos que tamb\u00e9m apresentaram eleva\u00e7\u00e3o foram Transportes (0,62% para 0,74%), com destaque para a gasolina (1,9% para 2,33%); Educa\u00e7\u00e3o, Leitura e Recrea\u00e7\u00e3o (1,02% para 1,26%), com destaque para passagem a\u00e9rea (23,41% para 27,22%); Habita\u00e7\u00e3o (0,83% para 0,89%), com destaque para tarifa de eletricidade residencial (3,73% para 4,46%); e Comunica\u00e7\u00e3o (0,31% para 0,4%), com destaque para a tarifa de telefone m\u00f3vel (0,57% para 0,87%).<\/p>\n<p>Al\u00e9m desses, registraram aumento Vestu\u00e1rio (de 0,46% para 0,51%), principalmente roupas (de 0,38% para 0,50%); Sa\u00fade e Cuidados Pessoais (de 0,42% para 0,44%), com destaque para Sal\u00e3o de Beleza (de 1,04% para 1,39%) e Despesas Diversas (de 0,25% para 0,26%), ressaltando o Cart\u00e3o de Telefone (de 0,85% para 1,09%).<\/p>\n<p>Fl\u00e1via Albuquerque &#8211; Rep\u00f3rter da Ag\u00eancia Brasil<br \/>\nEdi\u00e7\u00e3o: Marcos Chagas<\/p>\n","protected":false},"excerpt":{"rendered":"<p>O \u00cdndice de Pre\u00e7os ao Consumidor Semanal (IPC-S), divulgado pelo Instituto Brasileiro de Economia da Funda\u00e7\u00e3o Getulio Vargas, apresentou varia\u00e7\u00e3o de 0,77% acima da \u00faltima taxa. De acordo com a apura\u00e7\u00e3o, as oito classes de despesa que formam o \u00edndice apresentaram acr\u00e9scimo em suas taxas de varia\u00e7\u00e3o. A principal contribui\u00e7\u00e3o para o avan\u00e7o do \u00edndice [&hellip;]<\/p>\n","protected":false},"author":2,"featured_media":57583,"comment_status":"open","ping_status":"closed","sticky":false,"template":"","format":"standard","meta":{"_genesis_hide_title":false,"_genesis_hide_breadcrumbs":false,"_genesis_hide_singular_image":false,"_genesis_hide_footer_widgets":false,"_genesis_custom_body_class":"","_genesis_custom_post_class":"","_genesis_layout":"","_jetpack_memberships_contains_paid_content":false,"footnotes":""},"categories":[22,7],"tags":[],"class_list":{"0":"post-63500","1":"post","2":"type-post","3":"status-publish","4":"format-standard","5":"has-post-thumbnail","7":"category-brasil","8":"category-economia","9":"entry","10":"gs-1","11":"gs-odd","12":"gs-even","13":"gs-featured-content-entry"},"jetpack_featured_media_url":"https:\/\/www.redenoticia.com.br\/noticia\/imagens\/economia-grafico.jpg","jetpack_sharing_enabled":true,"jetpack_likes_enabled":true,"_links":{"self":[{"href":"https:\/\/www.redenoticia.com.br\/noticia\/wp-json\/wp\/v2\/posts\/63500","targetHints":{"allow":["GET"]}}],"collection":[{"href":"https:\/\/www.redenoticia.com.br\/noticia\/wp-json\/wp\/v2\/posts"}],"about":[{"href":"https:\/\/www.redenoticia.com.br\/noticia\/wp-json\/wp\/v2\/types\/post"}],"author":[{"embeddable":true,"href":"https:\/\/www.redenoticia.com.br\/noticia\/wp-json\/wp\/v2\/users\/2"}],"replies":[{"embeddable":true,"href":"https:\/\/www.redenoticia.com.br\/noticia\/wp-json\/wp\/v2\/comments?post=63500"}],"version-history":[{"count":0,"href":"https:\/\/www.redenoticia.com.br\/noticia\/wp-json\/wp\/v2\/posts\/63500\/revisions"}],"wp:featuredmedia":[{"embeddable":true,"href":"https:\/\/www.redenoticia.com.br\/noticia\/wp-json\/wp\/v2\/media\/57583"}],"wp:attachment":[{"href":"https:\/\/www.redenoticia.com.br\/noticia\/wp-json\/wp\/v2\/media?parent=63500"}],"wp:term":[{"taxonomy":"category","embeddable":true,"href":"https:\/\/www.redenoticia.com.br\/noticia\/wp-json\/wp\/v2\/categories?post=63500"},{"taxonomy":"post_tag","embeddable":true,"href":"https:\/\/www.redenoticia.com.br\/noticia\/wp-json\/wp\/v2\/tags?post=63500"}],"curies":[{"name":"wp","href":"https:\/\/api.w.org\/{rel}","templated":true}]}}