{"id":61605,"date":"2014-10-27T15:27:55","date_gmt":"2014-10-27T17:27:55","guid":{"rendered":"http:\/\/www.redenoticia.com.br\/noticia\/?p=61605"},"modified":"2014-10-27T15:27:55","modified_gmt":"2014-10-27T17:27:55","slug":"crescimento-devera-ficar-em-027-em-2014-segundo-estimativa-do-mercado","status":"publish","type":"post","link":"https:\/\/www.redenoticia.com.br\/noticia\/2014\/crescimento-devera-ficar-em-027-em-2014-segundo-estimativa-do-mercado\/61605","title":{"rendered":"Crescimento dever\u00e1 ficar em 0,27% em 2014, segundo estimativa do mercado"},"content":{"rendered":"<p> O mercado financeiro manteve inalteradas as proje\u00e7\u00f5es de <strong><em>infla\u00e7\u00e3o e de crescimento da economia<\/em><\/strong> na semana que antecedeu as elei\u00e7\u00f5es. O boletim semanal Focus, divulgado hoje pelo Banco Central, informa que analistas e investidores mantiveram em 0,27% a expectativa de crescimento da economia para 2014.<\/p>\n<p>J\u00e1 a estimativa de infla\u00e7\u00e3o para este ano \u00e9 6,45%, pelo \u00cdndice de Pre\u00e7os ao Consumidor Amplo (IPCA), segundo a mesma publica\u00e7\u00e3o. Os pre\u00e7os administrados, regulados pelo governo, dever\u00e3o ser reajustados no patamar de 5,15% no per\u00edodo.<\/p>\n<p>N\u00e3o houve altera\u00e7\u00e3o tamb\u00e9m para as proje\u00e7\u00f5es de c\u00e2mbio: o d\u00f3lar dever\u00e1 atingir o valor de R$ 2,40; a taxa b\u00e1sica de juros (Selic) dever\u00e1 chegar a 11% no final de 2014. A d\u00edvida l\u00edquida do setor p\u00fablico, no entanto, est\u00e1 estimada com uma leve piora, passando de 35,10% para 35,25% do Produto Interno Bruto (PIB), soma de todas as riquezas produzidas no pa\u00eds.<\/p>\n<p>No setor externo, a situa\u00e7\u00e3o continua delicada: o deficit em conta corrente, o indicador que mede o desequil\u00edbrio das contas externas, dever\u00e1 sburi de US$ 81 bilh\u00f5es para US$ 81,5 bilh\u00f5es.  O saldo da balan\u00e7a comercial deber\u00e1 cair de US$ 2,29 bilh\u00f5es para US$ 2,10 bilh\u00f5es. Os investimentos estrangeiros diretos (IED) estimados dever\u00e3o permanecer em US$ 60 bilh\u00f5es.<\/p>\n<p>O IED, que \u00e9 canalizado para o setor produtivo da economia, constitui uma das formas de o governo financiar o deficit em conta corrente.<\/p>\n<p>A produ\u00e7\u00e3o industrial, que j\u00e1 estava com previs\u00e3o negativa, dever\u00e1 ficar em -2,24 no final de 2014.<\/p>\n<p>Daniel Lima &#8211; Rep\u00f3rter da Ag\u00eancia Brasil<br \/>\nEdi\u00e7\u00e3o: Jos\u00e9 Romildo<\/p>\n","protected":false},"excerpt":{"rendered":"<p>O mercado financeiro manteve inalteradas as proje\u00e7\u00f5es de infla\u00e7\u00e3o e de crescimento da economia na semana que antecedeu as elei\u00e7\u00f5es. O boletim semanal Focus, divulgado hoje pelo Banco Central, informa que analistas e investidores mantiveram em 0,27% a expectativa de crescimento da economia para 2014. J\u00e1 a estimativa de infla\u00e7\u00e3o para este ano \u00e9 6,45%, [&hellip;]<\/p>\n","protected":false},"author":5,"featured_media":57584,"comment_status":"open","ping_status":"closed","sticky":false,"template":"","format":"standard","meta":{"_genesis_hide_title":false,"_genesis_hide_breadcrumbs":false,"_genesis_hide_singular_image":false,"_genesis_hide_footer_widgets":false,"_genesis_custom_body_class":"","_genesis_custom_post_class":"","_genesis_layout":"","_jetpack_memberships_contains_paid_content":false,"footnotes":""},"categories":[22,7],"tags":[],"class_list":{"0":"post-61605","1":"post","2":"type-post","3":"status-publish","4":"format-standard","5":"has-post-thumbnail","7":"category-brasil","8":"category-economia","9":"entry","10":"gs-1","11":"gs-odd","12":"gs-even","13":"gs-featured-content-entry"},"jetpack_featured_media_url":"https:\/\/www.redenoticia.com.br\/noticia\/imagens\/economia-grafica-analise-inflacao.jpg","jetpack_sharing_enabled":true,"jetpack_likes_enabled":true,"_links":{"self":[{"href":"https:\/\/www.redenoticia.com.br\/noticia\/wp-json\/wp\/v2\/posts\/61605","targetHints":{"allow":["GET"]}}],"collection":[{"href":"https:\/\/www.redenoticia.com.br\/noticia\/wp-json\/wp\/v2\/posts"}],"about":[{"href":"https:\/\/www.redenoticia.com.br\/noticia\/wp-json\/wp\/v2\/types\/post"}],"author":[{"embeddable":true,"href":"https:\/\/www.redenoticia.com.br\/noticia\/wp-json\/wp\/v2\/users\/5"}],"replies":[{"embeddable":true,"href":"https:\/\/www.redenoticia.com.br\/noticia\/wp-json\/wp\/v2\/comments?post=61605"}],"version-history":[{"count":0,"href":"https:\/\/www.redenoticia.com.br\/noticia\/wp-json\/wp\/v2\/posts\/61605\/revisions"}],"wp:featuredmedia":[{"embeddable":true,"href":"https:\/\/www.redenoticia.com.br\/noticia\/wp-json\/wp\/v2\/media\/57584"}],"wp:attachment":[{"href":"https:\/\/www.redenoticia.com.br\/noticia\/wp-json\/wp\/v2\/media?parent=61605"}],"wp:term":[{"taxonomy":"category","embeddable":true,"href":"https:\/\/www.redenoticia.com.br\/noticia\/wp-json\/wp\/v2\/categories?post=61605"},{"taxonomy":"post_tag","embeddable":true,"href":"https:\/\/www.redenoticia.com.br\/noticia\/wp-json\/wp\/v2\/tags?post=61605"}],"curies":[{"name":"wp","href":"https:\/\/api.w.org\/{rel}","templated":true}]}}