{"id":61603,"date":"2014-10-27T15:24:08","date_gmt":"2014-10-27T17:24:08","guid":{"rendered":"http:\/\/www.redenoticia.com.br\/noticia\/?p=61603"},"modified":"2014-10-27T15:24:08","modified_gmt":"2014-10-27T17:24:08","slug":"consumidores-de-sao-paulo-estao-mais-cautelosos-na-aquisicao-de-bens-duraveis","status":"publish","type":"post","link":"https:\/\/www.redenoticia.com.br\/noticia\/2014\/consumidores-de-sao-paulo-estao-mais-cautelosos-na-aquisicao-de-bens-duraveis\/61603","title":{"rendered":"Consumidores de S\u00e3o Paulo est\u00e3o mais cautelosos na aquisi\u00e7\u00e3o de bens dur\u00e1veis"},"content":{"rendered":"<p> A troca da geladeira, do fog\u00e3o ou do carro j\u00e1 n\u00e3o \u00e9 t\u00e3o comum entre os consumidores da cidade de S\u00e3o Paulo, que adotaram um comportamento mais cuteloso ao evitar colocar na lista de compras bens mais caros. \u00c9 o que mostra o <strong><em>\u00cdndice de Inten\u00e7\u00e3o de Consumo das Fam\u00edlias<\/em><\/strong> (ICF), medido pela Federa\u00e7\u00e3o do Com\u00e9rcio de Bens, Servi\u00e7os e Turismo do Estado de S\u00e3o Paulo (FecomercioSP), que subiu 0,6% em outubro sobre setembro e chegou a 110,1 pontos. Esse \u00edndice \u00e9 o mesmo apurado em agosto sobre julho. No entanto, comparado a igual m\u00eas do ano passado, houve queda de 12,2%.<\/p>\n<p>O quesito momento para dur\u00e1veis, que comp\u00f5e o \u00edndice, teve queda de 5,7%, com medi\u00e7\u00e3o de 88,1 pontos, o sexto seguido abaixo dos 100 pontos. O pior n\u00edvel neste quesito ocorreu, em julho, quando a avalia\u00e7\u00e3o indicou 87 pontos. \u201cEssa marca indica que as fam\u00edlias ainda consideram que \u00e9 um mau momento para comprar bens como geladeira, fog\u00e3o e carro\u201d, analisa a nota t\u00e9cnica da FecomercioSP.<\/p>\n<p>Pela metodologia da pesquisa, a avalia\u00e7\u00e3o vai de 0 a 200 pontos e sempre que ultrapassar 100 pontos significa que o consumidor est\u00e1 satisfeito. Os dados da pesquisa envolvem 2,2 mil consumidores da cidade de S\u00e3o Paulo e sete quesitos: emprego atual, perspectiva profissional, renda atual, acesso ao cr\u00e9dito, n\u00edvel de consumo atual, perspectiva de consumo e momento para dur\u00e1veis.<\/p>\n<p> Em rela\u00e7\u00e3o \u00e0 perspectiva de consumo, a pontua\u00e7\u00e3o alcan\u00e7ou 106,5 pontos ou 4,1% acima do m\u00eas anterior. J\u00e1 o n\u00edvel de consumo cresceu apenas 0,4%, com 83,3 pontos, na segunda vez seguida com margem inferior aos 100 pontos.<\/p>\n<p>No quesito emprego houve aumento de 1,1%, em rela\u00e7\u00e3o ao momento atual. Tamb\u00e9m teve eleva\u00e7\u00e3o (2,2%) a propor\u00e7\u00e3o dos que acreditam em proje\u00e7\u00e3o profissional. A renda atual ficou praticamente est\u00e1vel, em 0,3%. A previs\u00e3o de acesso a cr\u00e9dito teve leve crescimento de 1%.<\/p>\n<p>O item emprego atual teve crescimento (3,1%) sobre outubro do ano passado, no \u00fanico quesito a superar o desempenho de um ano atr\u00e1s. J\u00e1 o n\u00edvel de consumo teve recuo de 11,6%, e o item momento para dur\u00e1veis, caiu 23,7%.<\/p>\n<p>Em rela\u00e7\u00e3o \u00e0 faixa de renda, as fam\u00edlias com maior pode aquisitivo, acima de dez sal\u00e1rios m\u00ednimos, indicaram a inten\u00e7\u00e3o de elevar o consumo (3,3%) o equivalente a 105,6 pontos ante a baixa de 0,2% e 11,6 pontos na camada que recebe at\u00e9 dez sal\u00e1rios m\u00ednimos.<\/p>\n<p>Para os economistas da FecomercioSP, \u201co fundo do po\u00e7o parece ter passado\u201d. Eles, por\u00e9m, advertem que ainda \u00e9 cedo para comemorar, pois o n\u00edvel de satisfa\u00e7\u00e3o ainda est\u00e1 abaixo do ano passado. Entre os motivos, conforme salientam, est\u00e1 o impacto inflacion\u00e1rio.<\/p>\n<p>A taxa acumulada nos \u00faltimos 12 meses at\u00e9 setembro atingiu 6,7%. \u201cA economia crescendo muito pouco e os juros altos tamb\u00e9m contribuem para o desest\u00edmulo ao consumo\u201d, destaca a nota t\u00e9cnica.<\/p>\n<p>Marli Moreira &#8211; Rep\u00f3rter da Ag\u00eancia Brasil<br \/>\nEdi\u00e7\u00e3o: Talita Cavalcante<\/p>\n","protected":false},"excerpt":{"rendered":"<p>A troca da geladeira, do fog\u00e3o ou do carro j\u00e1 n\u00e3o \u00e9 t\u00e3o comum entre os consumidores da cidade de S\u00e3o Paulo, que adotaram um comportamento mais cuteloso ao evitar colocar na lista de compras bens mais caros. \u00c9 o que mostra o \u00cdndice de Inten\u00e7\u00e3o de Consumo das Fam\u00edlias (ICF), medido pela Federa\u00e7\u00e3o do [&hellip;]<\/p>\n","protected":false},"author":5,"featured_media":57583,"comment_status":"open","ping_status":"closed","sticky":false,"template":"","format":"standard","meta":{"_genesis_hide_title":false,"_genesis_hide_breadcrumbs":false,"_genesis_hide_singular_image":false,"_genesis_hide_footer_widgets":false,"_genesis_custom_body_class":"","_genesis_custom_post_class":"","_genesis_layout":"","_jetpack_memberships_contains_paid_content":false,"footnotes":""},"categories":[22,7],"tags":[],"class_list":{"0":"post-61603","1":"post","2":"type-post","3":"status-publish","4":"format-standard","5":"has-post-thumbnail","7":"category-brasil","8":"category-economia","9":"entry","10":"gs-1","11":"gs-odd","12":"gs-even","13":"gs-featured-content-entry"},"jetpack_featured_media_url":"https:\/\/www.redenoticia.com.br\/noticia\/imagens\/economia-grafico.jpg","jetpack_sharing_enabled":true,"jetpack_likes_enabled":true,"_links":{"self":[{"href":"https:\/\/www.redenoticia.com.br\/noticia\/wp-json\/wp\/v2\/posts\/61603","targetHints":{"allow":["GET"]}}],"collection":[{"href":"https:\/\/www.redenoticia.com.br\/noticia\/wp-json\/wp\/v2\/posts"}],"about":[{"href":"https:\/\/www.redenoticia.com.br\/noticia\/wp-json\/wp\/v2\/types\/post"}],"author":[{"embeddable":true,"href":"https:\/\/www.redenoticia.com.br\/noticia\/wp-json\/wp\/v2\/users\/5"}],"replies":[{"embeddable":true,"href":"https:\/\/www.redenoticia.com.br\/noticia\/wp-json\/wp\/v2\/comments?post=61603"}],"version-history":[{"count":0,"href":"https:\/\/www.redenoticia.com.br\/noticia\/wp-json\/wp\/v2\/posts\/61603\/revisions"}],"wp:featuredmedia":[{"embeddable":true,"href":"https:\/\/www.redenoticia.com.br\/noticia\/wp-json\/wp\/v2\/media\/57583"}],"wp:attachment":[{"href":"https:\/\/www.redenoticia.com.br\/noticia\/wp-json\/wp\/v2\/media?parent=61603"}],"wp:term":[{"taxonomy":"category","embeddable":true,"href":"https:\/\/www.redenoticia.com.br\/noticia\/wp-json\/wp\/v2\/categories?post=61603"},{"taxonomy":"post_tag","embeddable":true,"href":"https:\/\/www.redenoticia.com.br\/noticia\/wp-json\/wp\/v2\/tags?post=61603"}],"curies":[{"name":"wp","href":"https:\/\/api.w.org\/{rel}","templated":true}]}}