{"id":60945,"date":"2014-10-10T12:08:44","date_gmt":"2014-10-10T15:08:44","guid":{"rendered":"http:\/\/www.redenoticia.com.br\/noticia\/?p=60945"},"modified":"2014-10-10T12:08:44","modified_gmt":"2014-10-10T15:08:44","slug":"emprego-na-industria-tem-5o-recuo-consecutivo","status":"publish","type":"post","link":"https:\/\/www.redenoticia.com.br\/noticia\/2014\/emprego-na-industria-tem-5o-recuo-consecutivo\/60945","title":{"rendered":"Emprego na ind\u00fastria tem 5\u00ba recuo consecutivo"},"content":{"rendered":"<p> Pessoal ocupado na ind\u00fastria caiu 0,4% na passagem de julho para agosto deste ano, na quinta redu\u00e7\u00e3o consecutiva do <strong><em>emprego industrial<\/em><\/strong>. O setor acumula perda de 2,9% no per\u00edodo. Os dados foram divulgados pelo Instituto Brasileiro de Geografia e Estat\u00edstica (IBGE), em sua Pesquisa Industrial Mensal de Emprego e Sal\u00e1rio (Pimes).<\/p>\n<p>Na compara\u00e7\u00e3o com agosto do ano passado, a queda nos postos de trabalho foi 3,6%. Quatorze das 18 atividades industriais pesquisadas pelo IBGE tiveram recuo no pessoal ocupado assalariado nesse tipo de compara\u00e7\u00e3o, com destaque para as ind\u00fastrias de meios de transporte (-7,5%), de produtos de metal (-7,9%), de cal\u00e7ados e couro (-9%) e de m\u00e1quinas e equipamentos (-5,5%).<\/p>\n<p>Quatro setores tiveram aumento dos postos de trabalho e evitaram uma queda maior do emprego na ind\u00fastria. Os principais impactos positivos vieram dos setores de minerais n\u00e3o-met\u00e1licos (com alta de 1,1%) e de produtos qu\u00edmicos (1%).<\/p>\n<p>Entre os locais, houve recuo em 13 dos 14 pesquisados. S\u00e3o Paulo contribuiu para a redu\u00e7\u00e3o dos postos de trabalho, com queda de 4,8%, seguido por Paran\u00e1 (-5,2%), Rio Grande do Sul (-4,7%), Minas Gerais (-3,3%) e regi\u00f5es Norte e Centro-Oeste (-2,2%).<\/p>\n<p>Nos acumulados do ano e do per\u00edodo de 12 meses, as perdas de postos de trabalho s\u00e3o 2,7% e 2,4%, respectivamente.<\/p>\n<p>A folha de pagamento real cresceu 0,5% na passagem de julho para agosto e 0,4% no acumulado do ano, mas caiu 1,6% na compara\u00e7\u00e3o com agosto do ano passado e manteve-se est\u00e1vel no acumulado de 12 meses. <\/p>\n<p>Vitor Abdala &#8211; Rep\u00f3rter da Ag\u00eancia Brasil<br \/>\nEdi\u00e7\u00e3o: Jos\u00e9 Romildo<\/p>\n","protected":false},"excerpt":{"rendered":"<p>Pessoal ocupado na ind\u00fastria caiu 0,4% na passagem de julho para agosto deste ano, na quinta redu\u00e7\u00e3o consecutiva do emprego industrial. O setor acumula perda de 2,9% no per\u00edodo. Os dados foram divulgados pelo Instituto Brasileiro de Geografia e Estat\u00edstica (IBGE), em sua Pesquisa Industrial Mensal de Emprego e Sal\u00e1rio (Pimes). Na compara\u00e7\u00e3o com agosto [&hellip;]<\/p>\n","protected":false},"author":5,"featured_media":57583,"comment_status":"open","ping_status":"closed","sticky":false,"template":"","format":"standard","meta":{"_genesis_hide_title":false,"_genesis_hide_breadcrumbs":false,"_genesis_hide_singular_image":false,"_genesis_hide_footer_widgets":false,"_genesis_custom_body_class":"","_genesis_custom_post_class":"","_genesis_layout":"","_jetpack_memberships_contains_paid_content":false,"footnotes":""},"categories":[22,7],"tags":[],"class_list":{"0":"post-60945","1":"post","2":"type-post","3":"status-publish","4":"format-standard","5":"has-post-thumbnail","7":"category-brasil","8":"category-economia","9":"entry","10":"gs-1","11":"gs-odd","12":"gs-even","13":"gs-featured-content-entry"},"jetpack_featured_media_url":"https:\/\/www.redenoticia.com.br\/noticia\/imagens\/economia-grafico.jpg","jetpack_sharing_enabled":true,"jetpack_likes_enabled":true,"_links":{"self":[{"href":"https:\/\/www.redenoticia.com.br\/noticia\/wp-json\/wp\/v2\/posts\/60945","targetHints":{"allow":["GET"]}}],"collection":[{"href":"https:\/\/www.redenoticia.com.br\/noticia\/wp-json\/wp\/v2\/posts"}],"about":[{"href":"https:\/\/www.redenoticia.com.br\/noticia\/wp-json\/wp\/v2\/types\/post"}],"author":[{"embeddable":true,"href":"https:\/\/www.redenoticia.com.br\/noticia\/wp-json\/wp\/v2\/users\/5"}],"replies":[{"embeddable":true,"href":"https:\/\/www.redenoticia.com.br\/noticia\/wp-json\/wp\/v2\/comments?post=60945"}],"version-history":[{"count":0,"href":"https:\/\/www.redenoticia.com.br\/noticia\/wp-json\/wp\/v2\/posts\/60945\/revisions"}],"wp:featuredmedia":[{"embeddable":true,"href":"https:\/\/www.redenoticia.com.br\/noticia\/wp-json\/wp\/v2\/media\/57583"}],"wp:attachment":[{"href":"https:\/\/www.redenoticia.com.br\/noticia\/wp-json\/wp\/v2\/media?parent=60945"}],"wp:term":[{"taxonomy":"category","embeddable":true,"href":"https:\/\/www.redenoticia.com.br\/noticia\/wp-json\/wp\/v2\/categories?post=60945"},{"taxonomy":"post_tag","embeddable":true,"href":"https:\/\/www.redenoticia.com.br\/noticia\/wp-json\/wp\/v2\/tags?post=60945"}],"curies":[{"name":"wp","href":"https:\/\/api.w.org\/{rel}","templated":true}]}}