{"id":60943,"date":"2014-10-10T12:05:43","date_gmt":"2014-10-10T15:05:43","guid":{"rendered":"http:\/\/www.redenoticia.com.br\/noticia\/?p=60943"},"modified":"2014-10-10T12:05:43","modified_gmt":"2014-10-10T15:05:43","slug":"alta-nos-juros-do-cheque-especial","status":"publish","type":"post","link":"https:\/\/www.redenoticia.com.br\/noticia\/2014\/alta-nos-juros-do-cheque-especial\/60943","title":{"rendered":"Alta nos juros do cheque especial"},"content":{"rendered":"<p> O correntista que usa o valor do <strong><em>cheque especial<\/em><\/strong> \u2013 cr\u00e9dito autom\u00e1tico disponibilizado pelos bancos- est\u00e1 sujeito ao pagamento de juros que, na m\u00e9dia, alcan\u00e7a 202,5% em um ano. Ou seja, vai pagar o triplo do valor que retirou. Ao m\u00eas a taxa m\u00e9dia est\u00e1 em 9,66%, 0,1 ponto percentual (p.p.) acima de setembro \u00faltimo.<\/p>\n<p>Os n\u00fameros foram indicados em pesquisa feita, no \u00faltimo dia 2, pela Funda\u00e7\u00e3o Procon de S\u00e3o Paulo, em sete institui\u00e7\u00f5es financeiras: Banco do Brasil, Bradesco, Caixa Econ\u00f4mica Federal (CEF), HSBC, Ita\u00fa, Safra e Santander.<\/p>\n<p>A menor taxa foi encontrada na CEF (6,33%) e a maior no Santander (12,99%). Dos sete bancos pesquisados, tr\u00eas elevaram a taxa do cheque especial: Bradesco (de 9,48% para 9,62%, alta de 1,48% sobre setembro) ; HSBC (de 10,67% para 10,77%, alta de 0,94%); Santander (de 12,49% para 12,99%), alta de 4%. As institui\u00e7\u00f5es financeiras restantes n\u00e3o fizeram altera\u00e7\u00f5es.<\/p>\n<p>J\u00e1 em rela\u00e7\u00e3o ao empr\u00e9stimo pessoal a taxa m\u00e9dia alcan\u00e7ou varia\u00e7\u00e3o de 5,81%, o que representa aumento m\u00e9dio de 0,02 ponto percentual. As altera\u00e7\u00f5es ocorreram apenas em duas das sete institui\u00e7\u00f5es, sendo que a CEF reduziu a taxa de 3,85% para 3,75%, queda de 2,6%. J\u00e1 o HSBC aumentou o percentual de 7,29% para 7,49%, alta de 2,74%.<\/p>\n<p>A Funda\u00e7\u00e3o Procon observa que em sua \u00faltima reuni\u00e3o, o Comit\u00ea de Pol\u00edtica Monet\u00e1ria (Copom) do Banco Central manteve a taxa Selic em 11% ao ano. A pr\u00f3xima reuni\u00e3o ocorrer\u00e1 nos pr\u00f3ximos dias 28 e 29.<\/p>\n<p>O Procon recomenda ainda cautela por parte do consumidor na hora de recorrer a alguma modalidade de empr\u00e9stimo banc\u00e1rio. Al\u00e9m de ficar atento \u00e0s taxas cobradas sobre a opera\u00e7\u00e3o, o tomador deve evitar fazer v\u00e1rios empr\u00e9stimos o que poderia implicar em riscos de inadimpl\u00eancia, alerta a entidade.<\/p>\n<p>Marli Moreira &#8211; Rep\u00f3rter da Ag\u00eancia Brasil<br \/>\nEdi\u00e7\u00e3o: Jos\u00e9 Romildo<\/p>\n","protected":false},"excerpt":{"rendered":"<p>O correntista que usa o valor do cheque especial \u2013 cr\u00e9dito autom\u00e1tico disponibilizado pelos bancos- est\u00e1 sujeito ao pagamento de juros que, na m\u00e9dia, alcan\u00e7a 202,5% em um ano. Ou seja, vai pagar o triplo do valor que retirou. Ao m\u00eas a taxa m\u00e9dia est\u00e1 em 9,66%, 0,1 ponto percentual (p.p.) acima de setembro \u00faltimo. [&hellip;]<\/p>\n","protected":false},"author":5,"featured_media":57585,"comment_status":"open","ping_status":"closed","sticky":false,"template":"","format":"standard","meta":{"_genesis_hide_title":false,"_genesis_hide_breadcrumbs":false,"_genesis_hide_singular_image":false,"_genesis_hide_footer_widgets":false,"_genesis_custom_body_class":"","_genesis_custom_post_class":"","_genesis_layout":"","_jetpack_memberships_contains_paid_content":false,"footnotes":""},"categories":[22,7],"tags":[],"class_list":{"0":"post-60943","1":"post","2":"type-post","3":"status-publish","4":"format-standard","5":"has-post-thumbnail","7":"category-brasil","8":"category-economia","9":"entry","10":"gs-1","11":"gs-odd","12":"gs-even","13":"gs-featured-content-entry"},"jetpack_featured_media_url":"https:\/\/www.redenoticia.com.br\/noticia\/imagens\/analise-economia.jpg","jetpack_sharing_enabled":true,"jetpack_likes_enabled":true,"_links":{"self":[{"href":"https:\/\/www.redenoticia.com.br\/noticia\/wp-json\/wp\/v2\/posts\/60943","targetHints":{"allow":["GET"]}}],"collection":[{"href":"https:\/\/www.redenoticia.com.br\/noticia\/wp-json\/wp\/v2\/posts"}],"about":[{"href":"https:\/\/www.redenoticia.com.br\/noticia\/wp-json\/wp\/v2\/types\/post"}],"author":[{"embeddable":true,"href":"https:\/\/www.redenoticia.com.br\/noticia\/wp-json\/wp\/v2\/users\/5"}],"replies":[{"embeddable":true,"href":"https:\/\/www.redenoticia.com.br\/noticia\/wp-json\/wp\/v2\/comments?post=60943"}],"version-history":[{"count":0,"href":"https:\/\/www.redenoticia.com.br\/noticia\/wp-json\/wp\/v2\/posts\/60943\/revisions"}],"wp:featuredmedia":[{"embeddable":true,"href":"https:\/\/www.redenoticia.com.br\/noticia\/wp-json\/wp\/v2\/media\/57585"}],"wp:attachment":[{"href":"https:\/\/www.redenoticia.com.br\/noticia\/wp-json\/wp\/v2\/media?parent=60943"}],"wp:term":[{"taxonomy":"category","embeddable":true,"href":"https:\/\/www.redenoticia.com.br\/noticia\/wp-json\/wp\/v2\/categories?post=60943"},{"taxonomy":"post_tag","embeddable":true,"href":"https:\/\/www.redenoticia.com.br\/noticia\/wp-json\/wp\/v2\/tags?post=60943"}],"curies":[{"name":"wp","href":"https:\/\/api.w.org\/{rel}","templated":true}]}}