{"id":6005,"date":"2009-07-21T09:47:20","date_gmt":"2009-07-21T13:47:20","guid":{"rendered":"http:\/\/www.redenoticia.com.br\/noticia\/?p=6005"},"modified":"2009-07-27T02:06:42","modified_gmt":"2009-07-27T02:06:42","slug":"climatempo-alerta-sobre-grande-frente-fria-e-ventania-do-sul-ate-o-norte","status":"publish","type":"post","link":"https:\/\/www.redenoticia.com.br\/noticia\/2009\/climatempo-alerta-sobre-grande-frente-fria-e-ventania-do-sul-ate-o-norte\/6005","title":{"rendered":"Climatempo alerta sobre grande frente fria e ventania do Sul at\u00e9 o Norte"},"content":{"rendered":"<p>Climatempo alerta sobre grande frente fria e ventania do Sul at\u00e9 o Norte. A forte queda da\u00a0press\u00e3o atmosf\u00e9rica na regi\u00e3o de Buenos Aires est\u00e1 associada ao ciclone extratropical que se desenvolve com a frente fria, que j\u00e1 provoca toda a nebulosidadeque se observa sobre o centro-norte e leste da Argentina eno Uruguai. A maior parte da nebulosidade\u00a0que aparece na imagem acima sobre o Sul do Brasil ainda era do tipo alta e m\u00e9dia, n\u00e3o associada a chuva.<\/p>\n<p>Mas muita coisa vai mudar no decorrer desta ter\u00e7a-feira. Todo o Rio Grande do Sul, \u00e1reas a oeste e sul de Santa Catarina e o oeste do Paran\u00e1 j\u00e1 ter\u00e3o pancadas de chuva no decorrer do dia, principalmente a partir da tarde, por conta desta frente fria. Com ou sem a presen\u00e7a de nuvens carregadas, os ventos podem ser fortes. N\u00e3o os ventos gelados de sul, mas ventos de nordeste, de noroeste, que ocorrem antes da passagem da frente fria.<\/p>\n<p>Condi\u00e7\u00f5es particulares de relevo v\u00e3o ajudar a aumentar a velocidade dos ventos e as rajadas podem chegar (ou at\u00e9 superar) os 40 n\u00f3s, algo em torno de 75 km\/h.<\/p>\n<p>\u00c9 apenas o in\u00edcio de uma semana muito complicada para os meteorologistas. Amanh\u00e3, a chuva e os ventos aumentam no Sul do Brasil.<\/p>\n<p>A partir de quinta-feira, S\u00e3o Paulo e o Mato Grosso do Sul come\u00e7am a sentir os efeitos da nova frente fria. Com o ciclone, a forte massa polar associada a esta frente fria, vem muito frio, geadas fortes, ventos gelados fortes, um poss\u00edvel friagem no Acre e em Rond\u00f4nia, a possibilidade de neve. Ao longo da semana, muita coisa vai acontecer com o tempo no centro-sul do Brasil.<\/p>\n<p>Antes da frente fria chegar, um pouco de sol para paulistanos e cariocas, que nos \u00faltimos dois dias s\u00f3 viram nuvens cinzas e frio. Aproveitem, porque a nova frente fria vira o tempo de novo no fim da semana.<\/p>\n","protected":false},"excerpt":{"rendered":"<p>Climatempo alerta sobre grande frente fria e ventania do Sul at\u00e9 o Norte. A forte queda da\u00a0press\u00e3o atmosf\u00e9rica na regi\u00e3o de Buenos Aires est\u00e1 associada ao ciclone extratropical que se desenvolve com a frente fria, que j\u00e1 provoca toda a nebulosidadeque se observa sobre o centro-norte e leste da Argentina eno Uruguai. A maior parte [&hellip;]<\/p>\n","protected":false},"author":3,"featured_media":0,"comment_status":"open","ping_status":"open","sticky":false,"template":"","format":"standard","meta":{"_genesis_hide_title":false,"_genesis_hide_breadcrumbs":false,"_genesis_hide_singular_image":false,"_genesis_hide_footer_widgets":false,"_genesis_custom_body_class":"","_genesis_custom_post_class":"","_genesis_layout":"","_jetpack_memberships_contains_paid_content":false,"footnotes":""},"categories":[22,327],"tags":[],"class_list":{"0":"post-6005","1":"post","2":"type-post","3":"status-publish","4":"format-standard","6":"category-brasil","7":"category-clima","8":"entry","9":"gs-1","10":"gs-odd","11":"gs-even","12":"gs-featured-content-entry"},"jetpack_featured_media_url":"","jetpack_sharing_enabled":true,"jetpack_likes_enabled":true,"_links":{"self":[{"href":"https:\/\/www.redenoticia.com.br\/noticia\/wp-json\/wp\/v2\/posts\/6005","targetHints":{"allow":["GET"]}}],"collection":[{"href":"https:\/\/www.redenoticia.com.br\/noticia\/wp-json\/wp\/v2\/posts"}],"about":[{"href":"https:\/\/www.redenoticia.com.br\/noticia\/wp-json\/wp\/v2\/types\/post"}],"author":[{"embeddable":true,"href":"https:\/\/www.redenoticia.com.br\/noticia\/wp-json\/wp\/v2\/users\/3"}],"replies":[{"embeddable":true,"href":"https:\/\/www.redenoticia.com.br\/noticia\/wp-json\/wp\/v2\/comments?post=6005"}],"version-history":[{"count":0,"href":"https:\/\/www.redenoticia.com.br\/noticia\/wp-json\/wp\/v2\/posts\/6005\/revisions"}],"wp:attachment":[{"href":"https:\/\/www.redenoticia.com.br\/noticia\/wp-json\/wp\/v2\/media?parent=6005"}],"wp:term":[{"taxonomy":"category","embeddable":true,"href":"https:\/\/www.redenoticia.com.br\/noticia\/wp-json\/wp\/v2\/categories?post=6005"},{"taxonomy":"post_tag","embeddable":true,"href":"https:\/\/www.redenoticia.com.br\/noticia\/wp-json\/wp\/v2\/tags?post=6005"}],"curies":[{"name":"wp","href":"https:\/\/api.w.org\/{rel}","templated":true}]}}