{"id":5879,"date":"2009-07-20T13:21:31","date_gmt":"2009-07-20T17:21:31","guid":{"rendered":"http:\/\/www.redenoticia.com.br\/noticia\/?p=5879"},"modified":"2009-07-20T13:21:31","modified_gmt":"2009-07-20T17:21:31","slug":"hospital-de-sao-francisco-tem-conclusao-prevista-para-setembro","status":"publish","type":"post","link":"https:\/\/www.redenoticia.com.br\/noticia\/2009\/hospital-de-sao-francisco-tem-conclusao-prevista-para-setembro\/5879","title":{"rendered":"Hospital de S\u00e3o Francisco tem conclus\u00e3o prevista para setembro"},"content":{"rendered":"<p>A popula\u00e7\u00e3o do Vale do Guapor\u00e9 vai poder contar com o pronto atendimento do Hospital de S\u00e3o Francisco do Guapor\u00e9, que est\u00e1 sendo constru\u00eddo com recursos pr\u00f3prios do Governo do Estado, ap\u00f3s ter sido iniciado e abandonado por governos anteriores \u00e0 administra\u00e7\u00e3o Ivo Cassol. Na tarde do \u00faltimo s\u00e1bado, o vice-governador Jo\u00e3o Cahulla vistoriou as obras, que est\u00e3o em ritmo acelerado e dever\u00e3o ser conclu\u00eddas em setembro pr\u00f3ximo, segundo o cronograma da empresa respons\u00e1vel pelo servi\u00e7o.<\/p>\n<p>Quando conclu\u00eddo, o hospital ir\u00e1 disponibilizar 32 leitos, numa \u00e1rea de mais de 1.772\u00a0 metros quadrados. Janelas de vidro temperado foram colocadas; a instala\u00e7\u00e3o el\u00e9trica e hidr\u00e1ulica est\u00e1 pronta; a tubula\u00e7\u00e3o de oxig\u00eanio foi colocada; o piso foi colocado e est\u00e1 em fase final a coloca\u00e7\u00e3o dos bloquetes na \u00e1rea externa. Os equipamentos j\u00e1 est\u00e3o sendo adquiridos pelo Governo.<\/p>\n<p>Al\u00e9m de evitar a sa\u00edda dos pacientes da regi\u00e3o onde moram, o governo estadual tem contribu\u00eddo tamb\u00e9m com o desafogamento de unidades maiores, como o Hospital e Pronto Socorro Jo\u00e3o Paulo II, em Porto Velho.<\/p>\n<p>No novo hospital, ser\u00e3o prestados servi\u00e7os ambulatoriais, de raios-X, cirurgias de pequeno porte e exames laboratoriais. A estrutura tamb\u00e9m contempla a constru\u00e7\u00e3o de uma cozinha e lavanderia.<\/p>\n<p>Fonte: DECOM &#8211; Departamento de Comunica\u00e7\u00e3o Social<\/p>\n","protected":false},"excerpt":{"rendered":"<p>A popula\u00e7\u00e3o do Vale do Guapor\u00e9 vai poder contar com o pronto atendimento do Hospital de S\u00e3o Francisco do Guapor\u00e9, que est\u00e1 sendo constru\u00eddo com recursos pr\u00f3prios do Governo do Estado, ap\u00f3s ter sido iniciado e abandonado por governos anteriores \u00e0 administra\u00e7\u00e3o Ivo Cassol. Na tarde do \u00faltimo s\u00e1bado, o vice-governador Jo\u00e3o Cahulla vistoriou as [&hellip;]<\/p>\n","protected":false},"author":3,"featured_media":0,"comment_status":"open","ping_status":"open","sticky":false,"template":"","format":"standard","meta":{"_genesis_hide_title":false,"_genesis_hide_breadcrumbs":false,"_genesis_hide_singular_image":false,"_genesis_hide_footer_widgets":false,"_genesis_custom_body_class":"","_genesis_custom_post_class":"","_genesis_layout":"","_jetpack_memberships_contains_paid_content":false,"footnotes":""},"categories":[22],"tags":[],"class_list":{"0":"post-5879","1":"post","2":"type-post","3":"status-publish","4":"format-standard","6":"category-brasil","7":"entry","8":"gs-1","9":"gs-odd","10":"gs-even","11":"gs-featured-content-entry"},"jetpack_featured_media_url":"","jetpack_sharing_enabled":true,"jetpack_likes_enabled":true,"_links":{"self":[{"href":"https:\/\/www.redenoticia.com.br\/noticia\/wp-json\/wp\/v2\/posts\/5879","targetHints":{"allow":["GET"]}}],"collection":[{"href":"https:\/\/www.redenoticia.com.br\/noticia\/wp-json\/wp\/v2\/posts"}],"about":[{"href":"https:\/\/www.redenoticia.com.br\/noticia\/wp-json\/wp\/v2\/types\/post"}],"author":[{"embeddable":true,"href":"https:\/\/www.redenoticia.com.br\/noticia\/wp-json\/wp\/v2\/users\/3"}],"replies":[{"embeddable":true,"href":"https:\/\/www.redenoticia.com.br\/noticia\/wp-json\/wp\/v2\/comments?post=5879"}],"version-history":[{"count":0,"href":"https:\/\/www.redenoticia.com.br\/noticia\/wp-json\/wp\/v2\/posts\/5879\/revisions"}],"wp:attachment":[{"href":"https:\/\/www.redenoticia.com.br\/noticia\/wp-json\/wp\/v2\/media?parent=5879"}],"wp:term":[{"taxonomy":"category","embeddable":true,"href":"https:\/\/www.redenoticia.com.br\/noticia\/wp-json\/wp\/v2\/categories?post=5879"},{"taxonomy":"post_tag","embeddable":true,"href":"https:\/\/www.redenoticia.com.br\/noticia\/wp-json\/wp\/v2\/tags?post=5879"}],"curies":[{"name":"wp","href":"https:\/\/api.w.org\/{rel}","templated":true}]}}