{"id":5838,"date":"2009-07-20T10:21:10","date_gmt":"2009-07-20T14:21:10","guid":{"rendered":"http:\/\/www.redenoticia.com.br\/noticia\/?p=5838"},"modified":"2009-07-20T10:21:10","modified_gmt":"2009-07-20T14:21:10","slug":"candidatos-que-pediram-isencao-enem-devem-verificar-se-inscricao-foi-aceita","status":"publish","type":"post","link":"https:\/\/www.redenoticia.com.br\/noticia\/2009\/candidatos-que-pediram-isencao-enem-devem-verificar-se-inscricao-foi-aceita\/5838","title":{"rendered":"Candidatos que pediram isen\u00e7\u00e3o ENEM devem verificar se inscri\u00e7\u00e3o foi aceita"},"content":{"rendered":"<p style=\"margin: 0cm 0cm 0.0001pt;\"><span style=\"font-size: 11pt; font-family: Arial;\"> <\/span><\/p>\n<p style=\"margin: 0cm 0cm 0.0001pt;\"><span style=\"font-size: 11pt; font-family: Arial;\">Os candidatos que pediram isen\u00e7\u00e3o da taxa devem confirmar se tiveram a reivindica\u00e7\u00e3o atendida. Caso contr\u00e1rio, precisam fazer o pagamento no prazo determinado.<\/span><\/p>\n<p style=\"margin: 0cm 0cm 0.0001pt;\"><span style=\"font-size: 11pt; font-family: Arial;\"><br \/>\nO Exame Nacional do Ensino M\u00e9dio (Enem) de 2009 recebeu 4.576.126 de inscri\u00e7\u00f5es, n\u00famero registrado at\u00e9 as 23h59 de domingo, dia 19, quando o prazo foi encerrado. Ao longo dos 35 dias em que o sistema esteve dispon\u00edvel na internet, foram registrados 6.761.646 de acessos.<\/span><\/p>\n<p style=\"margin: 0cm 0cm 0.0001pt;\"><span style=\"font-size: 11pt; font-family: Arial;\"><br \/>\nCandidatos de 99 pa\u00edses tamb\u00e9m tiveram acesso ao sistema, que continua aberto para o acompanhamento das inscri\u00e7\u00f5es. At\u00e9 quarta-feira, dia 22, o candidato poder\u00e1 imprimir o boleto e efetuar, na rede banc\u00e1ria, o pagamento da taxa de inscri\u00e7\u00e3o, de R$ 35. Est\u00e3o isentos os estudantes de escolas p\u00fablicas matriculados no \u00faltimo ano do ensino m\u00e9dio.<\/span><\/p>\n<p style=\"margin: 0cm 0cm 0.0001pt;\"><span style=\"font-size: 11pt; font-family: Arial;\"> <\/span><\/p>\n<p style=\"margin: 0cm 0cm 0.0001pt;\">\n<p style=\"margin: 0cm 0cm 0.0001pt;\"><span style=\"font-size: 11pt; font-family: Arial;\">Assessoria de Imprensa do Inep<\/span><\/p>\n","protected":false},"excerpt":{"rendered":"<p>Os candidatos que pediram isen\u00e7\u00e3o da taxa devem confirmar se tiveram a reivindica\u00e7\u00e3o atendida. Caso contr\u00e1rio, precisam fazer o pagamento no prazo determinado. O Exame Nacional do Ensino M\u00e9dio (Enem) de 2009 recebeu 4.576.126 de inscri\u00e7\u00f5es, n\u00famero registrado at\u00e9 as 23h59 de domingo, dia 19, quando o prazo foi encerrado. Ao longo dos 35 dias [&hellip;]<\/p>\n","protected":false},"author":3,"featured_media":0,"comment_status":"open","ping_status":"open","sticky":false,"template":"","format":"standard","meta":{"_genesis_hide_title":false,"_genesis_hide_breadcrumbs":false,"_genesis_hide_singular_image":false,"_genesis_hide_footer_widgets":false,"_genesis_custom_body_class":"","_genesis_custom_post_class":"","_genesis_layout":"","_jetpack_memberships_contains_paid_content":false,"footnotes":""},"categories":[22],"tags":[],"class_list":{"0":"post-5838","1":"post","2":"type-post","3":"status-publish","4":"format-standard","6":"category-brasil","7":"entry","8":"gs-1","9":"gs-odd","10":"gs-even","11":"gs-featured-content-entry"},"jetpack_featured_media_url":"","jetpack_sharing_enabled":true,"jetpack_likes_enabled":true,"_links":{"self":[{"href":"https:\/\/www.redenoticia.com.br\/noticia\/wp-json\/wp\/v2\/posts\/5838","targetHints":{"allow":["GET"]}}],"collection":[{"href":"https:\/\/www.redenoticia.com.br\/noticia\/wp-json\/wp\/v2\/posts"}],"about":[{"href":"https:\/\/www.redenoticia.com.br\/noticia\/wp-json\/wp\/v2\/types\/post"}],"author":[{"embeddable":true,"href":"https:\/\/www.redenoticia.com.br\/noticia\/wp-json\/wp\/v2\/users\/3"}],"replies":[{"embeddable":true,"href":"https:\/\/www.redenoticia.com.br\/noticia\/wp-json\/wp\/v2\/comments?post=5838"}],"version-history":[{"count":0,"href":"https:\/\/www.redenoticia.com.br\/noticia\/wp-json\/wp\/v2\/posts\/5838\/revisions"}],"wp:attachment":[{"href":"https:\/\/www.redenoticia.com.br\/noticia\/wp-json\/wp\/v2\/media?parent=5838"}],"wp:term":[{"taxonomy":"category","embeddable":true,"href":"https:\/\/www.redenoticia.com.br\/noticia\/wp-json\/wp\/v2\/categories?post=5838"},{"taxonomy":"post_tag","embeddable":true,"href":"https:\/\/www.redenoticia.com.br\/noticia\/wp-json\/wp\/v2\/tags?post=5838"}],"curies":[{"name":"wp","href":"https:\/\/api.w.org\/{rel}","templated":true}]}}