{"id":5826,"date":"2009-07-19T18:23:39","date_gmt":"2009-07-19T22:23:39","guid":{"rendered":"http:\/\/www.redenoticia.com.br\/noticia\/?p=5826"},"modified":"2009-07-19T18:24:18","modified_gmt":"2009-07-19T22:24:18","slug":"inss-segurados-especiais-de-rondonia-participarao-de-palestra-sobre-beneficios-previdenciarios","status":"publish","type":"post","link":"https:\/\/www.redenoticia.com.br\/noticia\/2009\/inss-segurados-especiais-de-rondonia-participarao-de-palestra-sobre-beneficios-previdenciarios\/5826","title":{"rendered":"INSS &#8211; Segurados Especiais de Rond\u00f4nia participar\u00e3o de palestra sobre benef\u00edcios previdenci\u00e1rios"},"content":{"rendered":"<p>De Porto Velho(Rond\u00f4nia) &#8211; Segurados Especiais de Rond\u00f4nia ter\u00e3o palestra sobre benef\u00edcios previdenci\u00e1rios no semin\u00e1rio denominado \u201cCidadania Rural\u201d promovido pelo Servi\u00e7o Nacional de Aprendizagem Rural, de Rond\u00f4nia (SENAR\/RO). A a\u00e7\u00e3o \u00e9 uma parceria entre Ger\u00eancia Executiva do INSS em Porto Velho (GEXPTV), por meio do Programa de Educa\u00e7\u00e3o Previdenci\u00e1ria (PEP), Receita Federal do Brasil e SENAR\/RO.<\/p>\n<p>A palestra ser\u00e1 no dia 22 de julho no audit\u00f3rio da Universidade Federal de Rond\u00f4nia (UNIR) e ser\u00e1 ministrada pelo servidor Aparececido Alves Taveira, que vai orientar os segurados como requerer os benef\u00edcios previdenci\u00e1rios.(SCS\/RO).<\/p>\n<p>O ministro da Previd\u00eancia Social, Jos\u00e9 Pimentel, e o presidente do Instituto Nacional do Seguro Social (INSS), Valdir Sim\u00e3o, inauguram nesta segunda-feira (20), em Rond\u00f4nia, os novos pr\u00e9dios das Ag\u00eancias da Previd\u00eancia Social (APS) dos munic\u00edpios de Rolim de Moura e Colorado D\u2019Oeste. As duas unidades funcionavam h\u00e1 17 anos em im\u00f3veis alugados.<\/p>\n","protected":false},"excerpt":{"rendered":"<p>De Porto Velho(Rond\u00f4nia) &#8211; Segurados Especiais de Rond\u00f4nia ter\u00e3o palestra sobre benef\u00edcios previdenci\u00e1rios no semin\u00e1rio denominado \u201cCidadania Rural\u201d promovido pelo Servi\u00e7o Nacional de Aprendizagem Rural, de Rond\u00f4nia (SENAR\/RO). A a\u00e7\u00e3o \u00e9 uma parceria entre Ger\u00eancia Executiva do INSS em Porto Velho (GEXPTV), por meio do Programa de Educa\u00e7\u00e3o Previdenci\u00e1ria (PEP), Receita Federal do Brasil e [&hellip;]<\/p>\n","protected":false},"author":3,"featured_media":0,"comment_status":"open","ping_status":"open","sticky":false,"template":"","format":"standard","meta":{"_genesis_hide_title":false,"_genesis_hide_breadcrumbs":false,"_genesis_hide_singular_image":false,"_genesis_hide_footer_widgets":false,"_genesis_custom_body_class":"","_genesis_custom_post_class":"","_genesis_layout":"","_jetpack_memberships_contains_paid_content":false,"footnotes":""},"categories":[22],"tags":[],"class_list":{"0":"post-5826","1":"post","2":"type-post","3":"status-publish","4":"format-standard","6":"category-brasil","7":"entry","8":"gs-1","9":"gs-odd","10":"gs-even","11":"gs-featured-content-entry"},"jetpack_featured_media_url":"","jetpack_sharing_enabled":true,"jetpack_likes_enabled":true,"_links":{"self":[{"href":"https:\/\/www.redenoticia.com.br\/noticia\/wp-json\/wp\/v2\/posts\/5826","targetHints":{"allow":["GET"]}}],"collection":[{"href":"https:\/\/www.redenoticia.com.br\/noticia\/wp-json\/wp\/v2\/posts"}],"about":[{"href":"https:\/\/www.redenoticia.com.br\/noticia\/wp-json\/wp\/v2\/types\/post"}],"author":[{"embeddable":true,"href":"https:\/\/www.redenoticia.com.br\/noticia\/wp-json\/wp\/v2\/users\/3"}],"replies":[{"embeddable":true,"href":"https:\/\/www.redenoticia.com.br\/noticia\/wp-json\/wp\/v2\/comments?post=5826"}],"version-history":[{"count":0,"href":"https:\/\/www.redenoticia.com.br\/noticia\/wp-json\/wp\/v2\/posts\/5826\/revisions"}],"wp:attachment":[{"href":"https:\/\/www.redenoticia.com.br\/noticia\/wp-json\/wp\/v2\/media?parent=5826"}],"wp:term":[{"taxonomy":"category","embeddable":true,"href":"https:\/\/www.redenoticia.com.br\/noticia\/wp-json\/wp\/v2\/categories?post=5826"},{"taxonomy":"post_tag","embeddable":true,"href":"https:\/\/www.redenoticia.com.br\/noticia\/wp-json\/wp\/v2\/tags?post=5826"}],"curies":[{"name":"wp","href":"https:\/\/api.w.org\/{rel}","templated":true}]}}