{"id":5791,"date":"2009-07-18T23:20:19","date_gmt":"2009-07-19T03:20:19","guid":{"rendered":"http:\/\/www.redenoticia.com.br\/noticia\/?p=5791"},"modified":"2009-08-01T16:54:04","modified_gmt":"2009-08-01T20:54:04","slug":"feira-nacional-de-aviacao-civil-2009-leva-ao-rio-a-primeira-aeronave-movida-a-alcool","status":"publish","type":"post","link":"https:\/\/www.redenoticia.com.br\/noticia\/2009\/feira-nacional-de-aviacao-civil-2009-leva-ao-rio-a-primeira-aeronave-movida-a-alcool\/5791","title":{"rendered":"Feira Nacional De Avia\u00e7\u00e3o Civil 2009 leva ao Rio a primeira aeronave movida a alcool"},"content":{"rendered":"<p><a href=\"https:\/\/www.redenoticia.com.br\/noticia\/imagens\/\/avi\u00e3o.jpg\"><img loading=\"lazy\" decoding=\"async\" class=\"alignleft size-full wp-image-5792\" title=\"avi\u00e3o\" src=\"https:\/\/www.redenoticia.com.br\/noticia\/imagens\/\/avi\u00e3o.jpg\" alt=\"avi\u00e3o\" width=\"150\" height=\"113\" \/><\/a>O Ipanema, primeira aeronave do mundo com motor 100% movido a \u00e1lcool, \u00e9 uma das atra\u00e7\u00f5es da Feira Nacional de Avia\u00e7\u00e3o Civil 2009 que acontece entre os dias 24 e 26 de julho no aeroporto Santos Dumont, no Rio de Janeiro. O evento, gratuito e aberto ao p\u00fablico nos dias 25 e 26, conta com 20 modelos entre avi\u00f5es de pequeno porte, helic\u00f3pteros, aeronaves experimentais e hist\u00f3ricas, que poder\u00e3o ser vistos de perto pelos apaixonados por avia\u00e7\u00e3o. A aeronave agr\u00edcola ser\u00e1 exibida pela Embraer (Empresa Brasileira de Aeron\u00e1utica) e faz parte da Exposi\u00e7\u00e3o Est\u00e1tica da ANAC.<\/p>\n<p>Lan\u00e7ado em 1982 inicialmente movido a gasolina de avia\u00e7\u00e3o, o Ipanema \u00e9 usado principalmente na pulveriza\u00e7\u00e3o e tratamento de lavouras. Em 2004, o motor da aeronave passou a ser 100% movido a \u00e1lcool e \u00e9 o primeiro avi\u00e3o do mundo a receber certifica\u00e7\u00e3o do Centro T\u00e9cnico Aeroespacial (CTA) para sair da f\u00e1brica com esse tipo de combust\u00edvel. Entre outras vantagens, o motor movido a \u00e1lcool reduz o impacto causado pela queima de combust\u00edvel no meio ambiente e aumenta a pot\u00eancia do motor.<\/p>\n<p>A primeira edi\u00e7\u00e3o da Feira Nacional de Avia\u00e7\u00e3o Civil aconteceu em Bras\u00edlia em abril de 2008, no Aeroporto Internacional, com a presen\u00e7a do Ministro da Defesa Nelson Jobim na cerim\u00f4nia de inaugura\u00e7\u00e3o. No fim de semana em que a Feira esteve aberta ao p\u00fablico, cerca de 25 mil pessoas passaram por l\u00e1. Para a edi\u00e7\u00e3o 2009, a expectativa \u00e9 de 50 mil visitantes.<\/p>\n<p>Para a abertura, dia 24, j\u00e1 est\u00e3o confirmadas as presen\u00e7as de Solange Vieira, presidente da ANAC; Sergio Cabral, governador do Rio de Janeiro; Juniti Saito, comandante da Aeron\u00e1utica; Jorge Godinho Barreto Nery, secret\u00e1rio da Avia\u00e7\u00e3o Civil e Cleonilson Nic\u00e1cio Silva, presidente da Infraero, entre outras autoridades. Al\u00e9m disso, nesse mesmo dia, 750 crian\u00e7as de escolas p\u00fablicas do Rio visitar\u00e3o a Feira e poder\u00e3o desfrutar de uma programa\u00e7\u00e3o especial, preparada para divertir e ensinar a garotada.<\/p>\n<p>Agenda:<\/p>\n<p>Feira Nacional de Avia\u00e7\u00e3o Civil 2009<\/p>\n<p>Quando: 25 e 26 de julho de 2009<br \/>\nLocal: Hangar do III Comar, Aeroporto Santos Dumont<br \/>\nEndere\u00e7o: Pra\u00e7a Marechal Ancora, 77 (em frente \u00e0 subida da Perimetral)<br \/>\nEntrada: Gratuita<br \/>\nHor\u00e1rio de Funcionamento: das 9h00 \u00e0s 17h00<\/p>\n","protected":false},"excerpt":{"rendered":"<p>O Ipanema, primeira aeronave do mundo com motor 100% movido a \u00e1lcool, \u00e9 uma das atra\u00e7\u00f5es da Feira Nacional de Avia\u00e7\u00e3o Civil 2009 que acontece entre os dias 24 e 26 de julho no aeroporto Santos Dumont, no Rio de Janeiro. O evento, gratuito e aberto ao p\u00fablico nos dias 25 e 26, conta com [&hellip;]<\/p>\n","protected":false},"author":3,"featured_media":0,"comment_status":"open","ping_status":"open","sticky":false,"template":"","format":"standard","meta":{"_genesis_hide_title":false,"_genesis_hide_breadcrumbs":false,"_genesis_hide_singular_image":false,"_genesis_hide_footer_widgets":false,"_genesis_custom_body_class":"","_genesis_custom_post_class":"","_genesis_layout":"","_jetpack_memberships_contains_paid_content":false,"footnotes":""},"categories":[22],"tags":[],"class_list":{"0":"post-5791","1":"post","2":"type-post","3":"status-publish","4":"format-standard","6":"category-brasil","7":"entry","8":"gs-1","9":"gs-odd","10":"gs-even","11":"gs-featured-content-entry"},"jetpack_featured_media_url":"","jetpack_sharing_enabled":true,"jetpack_likes_enabled":true,"_links":{"self":[{"href":"https:\/\/www.redenoticia.com.br\/noticia\/wp-json\/wp\/v2\/posts\/5791","targetHints":{"allow":["GET"]}}],"collection":[{"href":"https:\/\/www.redenoticia.com.br\/noticia\/wp-json\/wp\/v2\/posts"}],"about":[{"href":"https:\/\/www.redenoticia.com.br\/noticia\/wp-json\/wp\/v2\/types\/post"}],"author":[{"embeddable":true,"href":"https:\/\/www.redenoticia.com.br\/noticia\/wp-json\/wp\/v2\/users\/3"}],"replies":[{"embeddable":true,"href":"https:\/\/www.redenoticia.com.br\/noticia\/wp-json\/wp\/v2\/comments?post=5791"}],"version-history":[{"count":0,"href":"https:\/\/www.redenoticia.com.br\/noticia\/wp-json\/wp\/v2\/posts\/5791\/revisions"}],"wp:attachment":[{"href":"https:\/\/www.redenoticia.com.br\/noticia\/wp-json\/wp\/v2\/media?parent=5791"}],"wp:term":[{"taxonomy":"category","embeddable":true,"href":"https:\/\/www.redenoticia.com.br\/noticia\/wp-json\/wp\/v2\/categories?post=5791"},{"taxonomy":"post_tag","embeddable":true,"href":"https:\/\/www.redenoticia.com.br\/noticia\/wp-json\/wp\/v2\/tags?post=5791"}],"curies":[{"name":"wp","href":"https:\/\/api.w.org\/{rel}","templated":true}]}}