{"id":57725,"date":"2014-07-29T17:21:28","date_gmt":"2014-07-29T20:21:28","guid":{"rendered":"http:\/\/www.redenoticia.com.br\/noticia\/?p=57725"},"modified":"2014-07-29T17:21:28","modified_gmt":"2014-07-29T20:21:28","slug":"usp-oferece-mais-de-4-mil-vagas-em-cursos-para-a-terceira-idade-2","status":"publish","type":"post","link":"https:\/\/www.redenoticia.com.br\/noticia\/2014\/usp-oferece-mais-de-4-mil-vagas-em-cursos-para-a-terceira-idade-2\/57725","title":{"rendered":"USP oferece mais de 4 mil vagas em cursos para a terceira idade"},"content":{"rendered":"<p>Ag\u00eancia FAPESP \u2013 A Universidade de S\u00e3o Paulo (USP) est\u00e1 com as inscri\u00e7\u00f5es abertas para as disciplinas regulares do programa <em><strong>Universidade Aberta \u00e0 Terceira Idade<\/strong><\/em>. Interessados podem cursar disciplinas como Est\u00e9tica e Hist\u00f3ria da Arte, Fotografia Digital, Economia e Introdu\u00e7\u00e3o \u00e0 Astronomia ao lado de alunos dos cursos de gradua\u00e7\u00e3o da USP.<\/p>\n<p style=\"color: #000000;\">Al\u00e9m disso, s\u00e3o oferecidas atividades f\u00edsica e culturais nos campi da universidade em S\u00e3o Paulo, Bauru, Lorena, Piracicaba, Pirassununga, Ribeir\u00e3o Preto e S\u00e3o Carlos.<\/p>\n<p style=\"color: #000000;\">No total h\u00e1 4.374 vagas para 349 atividades voltadas para a terceira idade. As inscri\u00e7\u00f5es seguem at\u00e9 5 de agosto.<\/p>\n<p style=\"color: #000000;\">Todas as atividades s\u00e3o gratuitas, mas as vagas s\u00e3o limitadas. Para participar, \u00e9 preciso ter ao menos 60 anos e cumprir as exig\u00eancias das disciplinas.<\/p>\n<p style=\"color: #000000;\">O cat\u00e1logo do programa para o segundo semestre de 2014 est\u00e1 dispon\u00edvel para download no site\u00a0<a style=\"color: #6c8dbe;\" href=\"http:\/\/www.prceu.usp.br\/\" target=\"_blank\">www.prceu.usp.br<\/a>. Mais informa\u00e7\u00f5es pelo telefone (11) 3091-9183 ou pelo e-mail\u00a03idade@usp.br.<\/p>\n<p>&#8212;-<\/p>\n<p>Regulamento<\/p>\n<p>Idade m\u00ednima de 60 (sessenta) anos, como estabelece a ONU e a UNESCO;<\/p>\n<p>Os alunos do programa Universidade Aberta \u00e0 Terceira Idade s\u00e3o vinculados a este programa, n\u00e3o recebendo n\u00fa\u00admero USP e tendo direito apenas a atestado de participa\u00ad\u00e7\u00e3o, emitido pela Pr\u00f3-Reitoria de Cultura e Extens\u00e3o Uni\u00adversit\u00e1ria, quando o docente assim o determinar e desde que o aluno cumpra as exig\u00eancias da disciplina. Caber\u00e1 \u00e0s secretarias solicitar o n\u00famero de atestados requeridos;<\/p>\n<p>Disciplinas espec\u00edficas requerem exame pr\u00e9vio de cur\u00adr\u00edculo ou entrevista com o docente respons\u00e1vel; para a maioria delas, por\u00e9m, nada \u00e9 exigido, desde que haja, pelo menos, por parte do candidato, condi\u00e7\u00f5es sufi\u00adcientes de aproveitamento;<\/p>\n<p>Cada unidade da USP \u00e9 soberana na gest\u00e3o do programa, administrando-o conforme suas necessidades internas;<\/p>\n<p>O per\u00edodo de inscri\u00e7\u00f5es para as disciplinas regulares \u00e9 de 28 de julho a 5 de agosto de 2014.<\/p>\n","protected":false},"excerpt":{"rendered":"<p>Ag\u00eancia FAPESP \u2013 A Universidade de S\u00e3o Paulo (USP) est\u00e1 com as inscri\u00e7\u00f5es abertas para as disciplinas regulares do programa Universidade Aberta \u00e0 Terceira Idade. Interessados podem cursar disciplinas como Est\u00e9tica e Hist\u00f3ria da Arte, Fotografia Digital, Economia e Introdu\u00e7\u00e3o \u00e0 Astronomia ao lado de alunos dos cursos de gradua\u00e7\u00e3o da USP. Al\u00e9m disso, s\u00e3o [&hellip;]<\/p>\n","protected":false},"author":2,"featured_media":36241,"comment_status":"open","ping_status":"closed","sticky":false,"template":"","format":"standard","meta":{"_genesis_hide_title":false,"_genesis_hide_breadcrumbs":false,"_genesis_hide_singular_image":false,"_genesis_hide_footer_widgets":false,"_genesis_custom_body_class":"","_genesis_custom_post_class":"","_genesis_layout":"","_jetpack_memberships_contains_paid_content":false,"footnotes":""},"categories":[22,351,370],"tags":[],"class_list":{"0":"post-57725","1":"post","2":"type-post","3":"status-publish","4":"format-standard","5":"has-post-thumbnail","7":"category-brasil","8":"category-cursos","9":"category-inscricao","10":"entry","11":"gs-1","12":"gs-odd","13":"gs-even","14":"gs-featured-content-entry"},"jetpack_featured_media_url":"https:\/\/www.redenoticia.com.br\/noticia\/imagens\/professor-b.jpg","jetpack_sharing_enabled":true,"jetpack_likes_enabled":true,"_links":{"self":[{"href":"https:\/\/www.redenoticia.com.br\/noticia\/wp-json\/wp\/v2\/posts\/57725","targetHints":{"allow":["GET"]}}],"collection":[{"href":"https:\/\/www.redenoticia.com.br\/noticia\/wp-json\/wp\/v2\/posts"}],"about":[{"href":"https:\/\/www.redenoticia.com.br\/noticia\/wp-json\/wp\/v2\/types\/post"}],"author":[{"embeddable":true,"href":"https:\/\/www.redenoticia.com.br\/noticia\/wp-json\/wp\/v2\/users\/2"}],"replies":[{"embeddable":true,"href":"https:\/\/www.redenoticia.com.br\/noticia\/wp-json\/wp\/v2\/comments?post=57725"}],"version-history":[{"count":0,"href":"https:\/\/www.redenoticia.com.br\/noticia\/wp-json\/wp\/v2\/posts\/57725\/revisions"}],"wp:featuredmedia":[{"embeddable":true,"href":"https:\/\/www.redenoticia.com.br\/noticia\/wp-json\/wp\/v2\/media\/36241"}],"wp:attachment":[{"href":"https:\/\/www.redenoticia.com.br\/noticia\/wp-json\/wp\/v2\/media?parent=57725"}],"wp:term":[{"taxonomy":"category","embeddable":true,"href":"https:\/\/www.redenoticia.com.br\/noticia\/wp-json\/wp\/v2\/categories?post=57725"},{"taxonomy":"post_tag","embeddable":true,"href":"https:\/\/www.redenoticia.com.br\/noticia\/wp-json\/wp\/v2\/tags?post=57725"}],"curies":[{"name":"wp","href":"https:\/\/api.w.org\/{rel}","templated":true}]}}