{"id":5691,"date":"2009-07-17T15:31:19","date_gmt":"2009-07-17T19:31:19","guid":{"rendered":"http:\/\/www.redenoticia.com.br\/noticia\/?p=5691"},"modified":"2009-07-17T15:31:19","modified_gmt":"2009-07-17T19:31:19","slug":"inscricao-enem-prorrogada-pelo-mec","status":"publish","type":"post","link":"https:\/\/www.redenoticia.com.br\/noticia\/2009\/inscricao-enem-prorrogada-pelo-mec\/5691","title":{"rendered":"Inscri\u00e7\u00e3o ENEM prorrogada pelo MEC"},"content":{"rendered":"<p style=\"margin: 0cm 0cm 0.0001pt;\"><span style=\"font-size: 11pt; font-family: Arial;\">As inscri\u00e7\u00f5es para o Enem 2009 poder\u00e3o ser feitas at\u00e9 \u00e0s 23h59 do pr\u00f3ximo domingo, <strong><span style=\"font-family: Arial;\">19 de julho<\/span><\/strong>. O Instituto Nacional de Estudos e Pesquisas Educacionais (Inep\/MEC) tomou a decis\u00e3o de prorrogar o prazo devido ao alto volume de acessos simult\u00e2neos ao sistema de inscri\u00e7\u00f5es, que nesta sexta-feira, 17, chega a quase 200 mil. <\/span><\/p>\n<p style=\"margin: 0cm 0cm 0.0001pt;\"><span style=\"font-size: 11pt; font-family: Arial;\"> <\/span><\/p>\n<p style=\"margin: 0cm 0cm 0.0001pt;\"><span style=\"font-size: 11pt; font-family: Arial;\">A prorroga\u00e7\u00e3o do prazo d\u00e1 oportunidade para aqueles que deixaram para se inscrever no \u00faltimo dia e encontram dificuldades de acesso. <\/span><\/p>\n<p style=\"margin: 0cm 0cm 0.0001pt;\"><span style=\"font-size: 11pt; font-family: Arial;\"><br \/>\nO Inep informa ainda q\u00a0ue os inscritos poder\u00e3o efetuar pagamento da taxa de inscri\u00e7\u00e3o, quando for o caso, at\u00e9 o <strong><span style=\"font-family: Arial;\">dia 22\/07<\/span><\/strong>, pr\u00f3xima quarta-feira. \u00c9 poss\u00edvel gerar novo boleto at\u00e9 o <strong><span style=\"font-family: Arial;\">dia 22\/0<\/span><\/strong>7, por meio do sistema de acompanhamento de inscri\u00e7\u00e3o.<\/p>\n<p>O novo Exame Nacional do Ensino M\u00e9dio (Enem) vai possibilitar ao estudante o reconhecimento de conclus\u00e3o de curso, em substitui\u00e7\u00e3o ao Exame Nacional para Certifica\u00e7\u00e3o de Compet\u00eancias de Jovens e Adultos (Encceja) \u2014 antigo supletivo. A medida j\u00e1 valer\u00e1 para este ano. O Encceja passa a ser usado apenas para a certifica\u00e7\u00e3o de conclus\u00e3o do n\u00edvel fundamental.<\/span><\/p>\n<p style=\"margin: 0cm 0cm 0.0001pt;\"><span style=\"font-size: 11pt; font-family: Arial;\"><br \/>\nO interessado na certifica\u00e7\u00e3o deve se inscrever no Enem e fazer as provas exatamente como os demais estudantes. Quando obtiver o boletim individual de desempenho, ter\u00e1 de buscar o reconhecimento na secretaria estadual de educa\u00e7\u00e3o. A idade m\u00ednima para pleitear a certifica\u00e7\u00e3o por meio do Enem \u00e9 de 18 anos. <\/span><\/p>\n<p style=\"margin: 0cm 0cm 0.0001pt;\"><span style=\"font-size: 11pt; font-family: Arial;\"> <\/span><\/p>\n<p style=\"margin: 0cm 0cm 0.0001pt;\"><span style=\"font-size: 11pt; font-family: Arial;\">Assessoria de Comunica\u00e7\u00e3o Social<\/span><\/p>\n","protected":false},"excerpt":{"rendered":"<p>As inscri\u00e7\u00f5es para o Enem 2009 poder\u00e3o ser feitas at\u00e9 \u00e0s 23h59 do pr\u00f3ximo domingo, 19 de julho. O Instituto Nacional de Estudos e Pesquisas Educacionais (Inep\/MEC) tomou a decis\u00e3o de prorrogar o prazo devido ao alto volume de acessos simult\u00e2neos ao sistema de inscri\u00e7\u00f5es, que nesta sexta-feira, 17, chega a quase 200 mil. A [&hellip;]<\/p>\n","protected":false},"author":3,"featured_media":0,"comment_status":"open","ping_status":"open","sticky":false,"template":"","format":"standard","meta":{"_genesis_hide_title":false,"_genesis_hide_breadcrumbs":false,"_genesis_hide_singular_image":false,"_genesis_hide_footer_widgets":false,"_genesis_custom_body_class":"","_genesis_custom_post_class":"","_genesis_layout":"","_jetpack_memberships_contains_paid_content":false,"footnotes":""},"categories":[22],"tags":[],"class_list":{"0":"post-5691","1":"post","2":"type-post","3":"status-publish","4":"format-standard","6":"category-brasil","7":"entry","8":"gs-1","9":"gs-odd","10":"gs-even","11":"gs-featured-content-entry"},"jetpack_featured_media_url":"","jetpack_sharing_enabled":true,"jetpack_likes_enabled":true,"_links":{"self":[{"href":"https:\/\/www.redenoticia.com.br\/noticia\/wp-json\/wp\/v2\/posts\/5691","targetHints":{"allow":["GET"]}}],"collection":[{"href":"https:\/\/www.redenoticia.com.br\/noticia\/wp-json\/wp\/v2\/posts"}],"about":[{"href":"https:\/\/www.redenoticia.com.br\/noticia\/wp-json\/wp\/v2\/types\/post"}],"author":[{"embeddable":true,"href":"https:\/\/www.redenoticia.com.br\/noticia\/wp-json\/wp\/v2\/users\/3"}],"replies":[{"embeddable":true,"href":"https:\/\/www.redenoticia.com.br\/noticia\/wp-json\/wp\/v2\/comments?post=5691"}],"version-history":[{"count":0,"href":"https:\/\/www.redenoticia.com.br\/noticia\/wp-json\/wp\/v2\/posts\/5691\/revisions"}],"wp:attachment":[{"href":"https:\/\/www.redenoticia.com.br\/noticia\/wp-json\/wp\/v2\/media?parent=5691"}],"wp:term":[{"taxonomy":"category","embeddable":true,"href":"https:\/\/www.redenoticia.com.br\/noticia\/wp-json\/wp\/v2\/categories?post=5691"},{"taxonomy":"post_tag","embeddable":true,"href":"https:\/\/www.redenoticia.com.br\/noticia\/wp-json\/wp\/v2\/tags?post=5691"}],"curies":[{"name":"wp","href":"https:\/\/api.w.org\/{rel}","templated":true}]}}