{"id":5660,"date":"2009-07-17T14:04:29","date_gmt":"2009-07-17T18:04:29","guid":{"rendered":"http:\/\/www.redenoticia.com.br\/noticia\/?p=5660"},"modified":"2009-07-17T17:13:08","modified_gmt":"2009-07-17T21:13:08","slug":"obras-da-rua-31-de-marco-em-ji-parana-tem-prazo-para-conclusao","status":"publish","type":"post","link":"https:\/\/www.redenoticia.com.br\/noticia\/2009\/obras-da-rua-31-de-marco-em-ji-parana-tem-prazo-para-conclusao\/5660","title":{"rendered":"Obras da Rua 31 de mar\u00e7o em Ji-Paran\u00e1 tem prazo para conclus\u00e3o"},"content":{"rendered":"<p>Moradores dos Bairros Jardim dos Migrantes, Presidencial e Santiago est\u00e3o comemorando a retomada das obras na Rua 31 de mar\u00e7o. O servi\u00e7o ficou paralisado por mais de seis meses. De acordo com a GM Engenharia, houve atraso no repasse dos recursos do governo federal. Agora com a regulariza\u00e7\u00e3o da situa\u00e7\u00e3o a empresa iniciou o servi\u00e7o de estaqueamento. Na seq\u00fc\u00eancia, ser\u00e3o realizados servi\u00e7os de drenagem, terraplanagem e o asfalto. O secret\u00e1rio de Obras e Servi\u00e7os P\u00fablicos, Assis Canuto, informou que a equipe da Secretaria realiza reparos na pavimenta\u00e7\u00e3o. A empresa contratada iniciou os trabalhos interditando a 31 de mar\u00e7o do supermercado Ga\u00facho at\u00e9 a Rua Acre.<br \/>\nOs trabalhos retomados esta semana v\u00e3o concluir a Rua 31 de mar\u00e7o da Avenida Monte Castelo at\u00e9 \u00e0 Rua Jasmim, nas proximidades da creche Municipal Nelson Dias, no quil\u00f4metro cinco. Canuto disse que \u201ca obra \u00e9 financiada com recursos federais e contra partida da prefeitura, por\u00e9m o atraso aconteceu no repasse federal\u201d. O secret\u00e1rio adiantou que uma equipe da prefeitura far\u00e1 a manuten\u00e7\u00e3o no trecho que j\u00e1 possui asfalto. Com um ar de satisfa\u00e7\u00e3o, Assis Canuto adiantou que os trabalhos nas ruas Mato Grosso e JK est\u00e3o a todo vapor. \u201cJ\u00e1 iniciamos o cal\u00e7amento com pedras irregulares na Mato Grosso e abrimos uma nova frente de trabalho na JK, pr\u00f3ximo a Escola Carmem Rocha\u201d, falou o secret\u00e1rio.<br \/>\nNa Rua Mato Grosso, ap\u00f3s a realiza\u00e7\u00e3o do servi\u00e7o de drenagem e coloca\u00e7\u00e3o de manilhas e cal\u00e7amento da Rua 1\u00ba de maio, a equipe iniciou a coloca\u00e7\u00e3o das pedras na pr\u00f3pria Rua Mato Grosso. J\u00e1 no bairro 2 de abril, na Rua JK os trabalhos est\u00e3o adiantados, e foram iniciados nas proximidades da Escola Carmem Rocha. Para o secret\u00e1rio, nos pr\u00f3ximos dias a JK estar\u00e1 completamente recuperada at\u00e9 a parte onde j\u00e1 existe asfalto. Nesta rua a equipe da Semosp trabalha com bloquetes. Canuto fez quest\u00e3o de informar que ainda esta semana iniciar\u00e1 o trabalho de limpeza no Bairro JK.  <\/p>\n","protected":false},"excerpt":{"rendered":"<p>Moradores dos Bairros Jardim dos Migrantes, Presidencial e Santiago est\u00e3o comemorando a retomada das obras na Rua 31 de mar\u00e7o. O servi\u00e7o ficou paralisado por mais de seis meses. De acordo com a GM Engenharia, houve atraso no repasse dos recursos do governo federal. Agora com a regulariza\u00e7\u00e3o da situa\u00e7\u00e3o a empresa iniciou o servi\u00e7o [&hellip;]<\/p>\n","protected":false},"author":2,"featured_media":0,"comment_status":"open","ping_status":"open","sticky":false,"template":"","format":"standard","meta":{"_genesis_hide_title":false,"_genesis_hide_breadcrumbs":false,"_genesis_hide_singular_image":false,"_genesis_hide_footer_widgets":false,"_genesis_custom_body_class":"","_genesis_custom_post_class":"","_genesis_layout":"","_jetpack_memberships_contains_paid_content":false,"footnotes":""},"categories":[22],"tags":[],"class_list":{"0":"post-5660","1":"post","2":"type-post","3":"status-publish","4":"format-standard","6":"category-brasil","7":"entry","8":"gs-1","9":"gs-odd","10":"gs-even","11":"gs-featured-content-entry"},"jetpack_featured_media_url":"","jetpack_sharing_enabled":true,"jetpack_likes_enabled":true,"_links":{"self":[{"href":"https:\/\/www.redenoticia.com.br\/noticia\/wp-json\/wp\/v2\/posts\/5660","targetHints":{"allow":["GET"]}}],"collection":[{"href":"https:\/\/www.redenoticia.com.br\/noticia\/wp-json\/wp\/v2\/posts"}],"about":[{"href":"https:\/\/www.redenoticia.com.br\/noticia\/wp-json\/wp\/v2\/types\/post"}],"author":[{"embeddable":true,"href":"https:\/\/www.redenoticia.com.br\/noticia\/wp-json\/wp\/v2\/users\/2"}],"replies":[{"embeddable":true,"href":"https:\/\/www.redenoticia.com.br\/noticia\/wp-json\/wp\/v2\/comments?post=5660"}],"version-history":[{"count":0,"href":"https:\/\/www.redenoticia.com.br\/noticia\/wp-json\/wp\/v2\/posts\/5660\/revisions"}],"wp:attachment":[{"href":"https:\/\/www.redenoticia.com.br\/noticia\/wp-json\/wp\/v2\/media?parent=5660"}],"wp:term":[{"taxonomy":"category","embeddable":true,"href":"https:\/\/www.redenoticia.com.br\/noticia\/wp-json\/wp\/v2\/categories?post=5660"},{"taxonomy":"post_tag","embeddable":true,"href":"https:\/\/www.redenoticia.com.br\/noticia\/wp-json\/wp\/v2\/tags?post=5660"}],"curies":[{"name":"wp","href":"https:\/\/api.w.org\/{rel}","templated":true}]}}