{"id":5602,"date":"2009-07-16T16:30:41","date_gmt":"2009-07-16T20:30:41","guid":{"rendered":"http:\/\/www.redenoticia.com.br\/noticia\/?p=5602"},"modified":"2009-07-16T16:30:41","modified_gmt":"2009-07-16T20:30:41","slug":"metodista-ultimo-dia-de-inscricoes-para-os-processos-seletivos-presencial-e-ead","status":"publish","type":"post","link":"https:\/\/www.redenoticia.com.br\/noticia\/2009\/metodista-ultimo-dia-de-inscricoes-para-os-processos-seletivos-presencial-e-ead\/5602","title":{"rendered":"Metodista: \u00faltimo dia de inscri\u00e7\u00f5es para os Processos Seletivos Presencial e EAD"},"content":{"rendered":"<p>Amanh\u00e3, dia 17 de julho, terminam as inscri\u00e7\u00f5es para o Processo Seletivo Presencial e EAD da Universidade Metodista de S\u00e3o Paulo.<\/p>\n<p>Os interessados na gradua\u00e7\u00e3o presencial t\u00eam at\u00e9 as 13h de amanh\u00e3 para efetuar a inscri\u00e7\u00e3o via Internet (<a title=\"http:\/\/www.metodista.br\/vestibular\/presencial\" href=\"http:\/\/www.metodista.br\/vestibular\/presencial\" target=\"_blank\">http:\/\/www.metodista.br\/vestibular\/presencial<\/a>) ou pessoalmente no Campus Rudge Ramos (Rua Alfeu Tavares, 149, S\u00e3o Bernardo do Campo). O candidato pode optar pela prova digital (R$ 50), que ocorre no dia 19 de julho, ou pela utiliza\u00e7\u00e3o da nota do ENEM + a Prova Digital.<\/p>\n<p>Entre os cursos dispon\u00edveis, est\u00e3o os de Gradua\u00e7\u00e3o: Administra\u00e7\u00e3o, Ci\u00eancias Cont\u00e1beis, Direito, Educa\u00e7\u00e3o F\u00edsica, Fisioterapia, Nutri\u00e7\u00e3o e Psicologia; e de Gradua\u00e7\u00e3o Tecnol\u00f3gica: An\u00e1lise e Desenvolvimento de Sistemas, Gest\u00e3o de Recursos Humanos, Log\u00edstica e Marketing.<\/p>\n<p><strong>Vestibular EAD<\/strong><\/p>\n<p>J\u00e1 o candidato de EAD tem at\u00e9 as 12h de amanh\u00e3 para se inscrever no Polo de Apoio Presencial de sua escolha. A prova ser\u00e1 agendada e o valor \u00e9 de R$ 42.<\/p>\n<p>S\u00e3o oferecidos dois cursos de Bacharelado (Administra\u00e7\u00e3o e Teologia), cincos cursos de Licenciatura (Ci\u00eancias Sociais, Filosofia, Letras \u2013 Portugu\u00eas e Espanhol, Matem\u00e1tica e Pedagogia) e oito cursos Tecn\u00f3logos (Gest\u00e3o Ambiental, Gest\u00e3o Financeira, Gest\u00e3o P\u00fablica, Gest\u00e3o de Recursos Humanos, Gest\u00e3o de Turismo, Log\u00edstica, Marketing e Processos Gerenciais).<\/p>\n<p>Confira os Polos e os cursos dispon\u00edveis no site<\/p>\n<p><a title=\"http:\/\/www.metodista.br\/ead\/polos-regionais\/polos-regionais-de-apoio-presencial\/\" href=\"http:\/\/www.metodista.br\/ead\/polos-regionais\/polos-regionais-de-apoio-presencial\/\" target=\"_blank\">www.metodista.br\/ead\/polos-regionais\/polos-regionais-de-apoio-presencial\/<\/a><\/p>\n<p>Mais informa\u00e7\u00f5es sobre os Processos Seletivos podem ser obtidas no Portal da Metodista<a title=\"http:\/\/www.metodista.br\/vestibular\" href=\"http:\/\/www.metodista.br\/vestibular\" target=\"_blank\">www.metodista.br\/vestibular<\/a><\/p>\n","protected":false},"excerpt":{"rendered":"<p>Amanh\u00e3, dia 17 de julho, terminam as inscri\u00e7\u00f5es para o Processo Seletivo Presencial e EAD da Universidade Metodista de S\u00e3o Paulo. Os interessados na gradua\u00e7\u00e3o presencial t\u00eam at\u00e9 as 13h de amanh\u00e3 para efetuar a inscri\u00e7\u00e3o via Internet (http:\/\/www.metodista.br\/vestibular\/presencial) ou pessoalmente no Campus Rudge Ramos (Rua Alfeu Tavares, 149, S\u00e3o Bernardo do Campo). O candidato [&hellip;]<\/p>\n","protected":false},"author":2,"featured_media":0,"comment_status":"open","ping_status":"open","sticky":false,"template":"","format":"standard","meta":{"_genesis_hide_title":false,"_genesis_hide_breadcrumbs":false,"_genesis_hide_singular_image":false,"_genesis_hide_footer_widgets":false,"_genesis_custom_body_class":"","_genesis_custom_post_class":"","_genesis_layout":"","_jetpack_memberships_contains_paid_content":false,"footnotes":""},"categories":[22],"tags":[],"class_list":{"0":"post-5602","1":"post","2":"type-post","3":"status-publish","4":"format-standard","6":"category-brasil","7":"entry","8":"gs-1","9":"gs-odd","10":"gs-even","11":"gs-featured-content-entry"},"jetpack_featured_media_url":"","jetpack_sharing_enabled":true,"jetpack_likes_enabled":true,"_links":{"self":[{"href":"https:\/\/www.redenoticia.com.br\/noticia\/wp-json\/wp\/v2\/posts\/5602","targetHints":{"allow":["GET"]}}],"collection":[{"href":"https:\/\/www.redenoticia.com.br\/noticia\/wp-json\/wp\/v2\/posts"}],"about":[{"href":"https:\/\/www.redenoticia.com.br\/noticia\/wp-json\/wp\/v2\/types\/post"}],"author":[{"embeddable":true,"href":"https:\/\/www.redenoticia.com.br\/noticia\/wp-json\/wp\/v2\/users\/2"}],"replies":[{"embeddable":true,"href":"https:\/\/www.redenoticia.com.br\/noticia\/wp-json\/wp\/v2\/comments?post=5602"}],"version-history":[{"count":0,"href":"https:\/\/www.redenoticia.com.br\/noticia\/wp-json\/wp\/v2\/posts\/5602\/revisions"}],"wp:attachment":[{"href":"https:\/\/www.redenoticia.com.br\/noticia\/wp-json\/wp\/v2\/media?parent=5602"}],"wp:term":[{"taxonomy":"category","embeddable":true,"href":"https:\/\/www.redenoticia.com.br\/noticia\/wp-json\/wp\/v2\/categories?post=5602"},{"taxonomy":"post_tag","embeddable":true,"href":"https:\/\/www.redenoticia.com.br\/noticia\/wp-json\/wp\/v2\/tags?post=5602"}],"curies":[{"name":"wp","href":"https:\/\/api.w.org\/{rel}","templated":true}]}}