{"id":5522,"date":"2009-07-15T20:44:30","date_gmt":"2009-07-16T00:44:30","guid":{"rendered":"http:\/\/www.redenoticia.com.br\/noticia\/?p=5522"},"modified":"2009-07-15T20:44:30","modified_gmt":"2009-07-16T00:44:30","slug":"ana-hickmann-agita-stand-na-francal-2009","status":"publish","type":"post","link":"https:\/\/www.redenoticia.com.br\/noticia\/2009\/ana-hickmann-agita-stand-na-francal-2009\/5522","title":{"rendered":"Ana Hickmann agita stand na francal 2009"},"content":{"rendered":"<p>A apresentadora Ana Hickmann<strong> <\/strong>esteve no stand da Cordez lan\u00e7ando sete linhas de bolsas com sua assinatura, al\u00e9m de atender f\u00e3s e a imprensa.<br \/>\nAna Hickmann, empres\u00e1ria, modelo e apresentadora, esteve nesta ter\u00e7a-feira, dia 14 de julho, na Francal 2009, para lan\u00e7ar sete novas linhas de bolsas assinadas por ela e fabricadas pela Cordez. Os acess\u00f3rios para a primavera\/ver\u00e3o 2010 chegam ainda mais modernas, com desenhos arrojados e ricos em detalhes. S\u00e3o pe\u00e7as com refer\u00eancias \u00e0s principais tend\u00eancias da esta\u00e7\u00e3o, como o folk, o country e at\u00e9 mesmo as grandes maisons francesas.<\/p>\n<p>&#8220;A cole\u00e7\u00e3o est\u00e1 linda. Foi inspirada na mulher brasileira. Quando se fala em primavera-ver\u00e3o as cores precisam ser vibrantes, mas sem esquecer dos cl\u00e1ssicos preto e marrom. Gosto muito dos tons claros e metalizados. O vermelho tamb\u00e9m \u00e9 uma cor que adoro e n\u00e3o pode faltar nunca, pois combina com qualquer esta\u00e7\u00e3o&#8221;, diz Ana Hickmann.<\/p>\n<p>A linha SKY esbanja eleg\u00e2ncia e foi pensada nas mulheres chiques. Nas cores pretas, marfim, vermelha e havana, traz o charme do matelass\u00ea em shapes diferentes. A linha MITHUS aposta na originalidade e modernidade, e destaca as al\u00e7as, tachas escovadas e o efeito amassado para impactar. A linha Give tem artigos com modelagens no estilo country e abertura com z\u00edper ou formato tipo saco.<\/p>\n<p>J\u00e1 a Dakar traz pe\u00e7as diferenciadas que evidenciam a praticidade, oferecendo al\u00e7as remov\u00edveis de ombro e fivela posti\u00e7a fechada por im\u00e3. Na linha SAFARI chama a aten\u00e7\u00e3o a tend\u00eancia folk empregada, que abusa das franjas e tachas. A linha ELEGANCE impressiona pelo seu estilo cl\u00e1ssico e relembra a gl\u00f3ria de Coco Chanel com sua vers\u00e3o das eternas bolsas de matelass\u00ea a tiracolo. Como o nome diz, s\u00e3o acess\u00f3rios que formam looks glamorosos. Por fim, a linha Jacquard \u00e9 ideal para as mulheres conservadoras, sendo feita em Jacquard com 50% poli\u00e9ster e 50% algod\u00e3o, e incrementada com ferragens com banho niquelado.<\/p>\n","protected":false},"excerpt":{"rendered":"<p>A apresentadora Ana Hickmann esteve no stand da Cordez lan\u00e7ando sete linhas de bolsas com sua assinatura, al\u00e9m de atender f\u00e3s e a imprensa. Ana Hickmann, empres\u00e1ria, modelo e apresentadora, esteve nesta ter\u00e7a-feira, dia 14 de julho, na Francal 2009, para lan\u00e7ar sete novas linhas de bolsas assinadas por ela e fabricadas pela Cordez. Os [&hellip;]<\/p>\n","protected":false},"author":3,"featured_media":0,"comment_status":"open","ping_status":"open","sticky":false,"template":"","format":"standard","meta":{"_genesis_hide_title":false,"_genesis_hide_breadcrumbs":false,"_genesis_hide_singular_image":false,"_genesis_hide_footer_widgets":false,"_genesis_custom_body_class":"","_genesis_custom_post_class":"","_genesis_layout":"","_jetpack_memberships_contains_paid_content":false,"footnotes":""},"categories":[22],"tags":[],"class_list":{"0":"post-5522","1":"post","2":"type-post","3":"status-publish","4":"format-standard","6":"category-brasil","7":"entry","8":"gs-1","9":"gs-odd","10":"gs-even","11":"gs-featured-content-entry"},"jetpack_featured_media_url":"","jetpack_sharing_enabled":true,"jetpack_likes_enabled":true,"_links":{"self":[{"href":"https:\/\/www.redenoticia.com.br\/noticia\/wp-json\/wp\/v2\/posts\/5522","targetHints":{"allow":["GET"]}}],"collection":[{"href":"https:\/\/www.redenoticia.com.br\/noticia\/wp-json\/wp\/v2\/posts"}],"about":[{"href":"https:\/\/www.redenoticia.com.br\/noticia\/wp-json\/wp\/v2\/types\/post"}],"author":[{"embeddable":true,"href":"https:\/\/www.redenoticia.com.br\/noticia\/wp-json\/wp\/v2\/users\/3"}],"replies":[{"embeddable":true,"href":"https:\/\/www.redenoticia.com.br\/noticia\/wp-json\/wp\/v2\/comments?post=5522"}],"version-history":[{"count":0,"href":"https:\/\/www.redenoticia.com.br\/noticia\/wp-json\/wp\/v2\/posts\/5522\/revisions"}],"wp:attachment":[{"href":"https:\/\/www.redenoticia.com.br\/noticia\/wp-json\/wp\/v2\/media?parent=5522"}],"wp:term":[{"taxonomy":"category","embeddable":true,"href":"https:\/\/www.redenoticia.com.br\/noticia\/wp-json\/wp\/v2\/categories?post=5522"},{"taxonomy":"post_tag","embeddable":true,"href":"https:\/\/www.redenoticia.com.br\/noticia\/wp-json\/wp\/v2\/tags?post=5522"}],"curies":[{"name":"wp","href":"https:\/\/api.w.org\/{rel}","templated":true}]}}