{"id":552,"date":"2009-04-15T12:11:33","date_gmt":"2009-04-15T16:11:33","guid":{"rendered":"http:\/\/www.redenoticia.com.br\/noticia\/2009\/04\/recuperacao-de-solos-pode-ajudar-a-reduzir-desmatamento-na-amazonia\/"},"modified":"2009-04-16T00:03:54","modified_gmt":"2009-04-16T04:03:54","slug":"recuperacao-de-solos-pode-ajudar-a-reduzir-desmatamento-na-amazonia","status":"publish","type":"post","link":"https:\/\/www.redenoticia.com.br\/noticia\/2009\/recuperacao-de-solos-pode-ajudar-a-reduzir-desmatamento-na-amazonia\/552","title":{"rendered":"Recupera\u00e7\u00e3o de solos pode ajudar a reduzir desmatamento na Amaz\u00f4nia"},"content":{"rendered":"<p><img loading=\"lazy\" decoding=\"async\" class=\"alignleft\" src=\"http:\/\/img14.imageshack.us\/img14\/4821\/matat.jpg\" alt=\"\" width=\"320\" height=\"240\" \/>A conserva\u00e7\u00e3o do solo e a recupera\u00e7\u00e3o de \u00e1reas degradados podem ser usadas para impedir o avan\u00e7o do desmatamento na Amaz\u00f4nia. &#8220;O que j\u00e1 h\u00e1 de \u00e1reas derrubadas e degradadas para recuperar \u00e9 mais do que suficiente para n\u00e3o precisar derrubar mais nenhuma \u00e1rvore&#8221;, afirmou hoje (14) o ministro da Agricultura, Reinhold Stephanes, ao participar da abertura do semin\u00e1rio alusivo ao Dia Nacional da Conserva\u00e7\u00e3o do Solo, que ser\u00e1 comemorado amanh\u00e3 (15).<\/p>\n<p>No Brasil, h\u00e1 mais de 60 milh\u00f5es de hectares de \u00e1reas degradadas. As regi\u00f5es Sul, Sudeste e Centro-Oeste s\u00e3o as mais afetadas. Nelas, o processo da agricultura empresarial foi mais intenso.<\/p>\n<p>De acordo com o secret\u00e1rio de Desenvolvimento Agropecu\u00e1rio e Cooperativismo do Minist\u00e9rio da Agricultura, Pecu\u00e1ria e Abastecimento (Mapa), M\u00e1rcio Porto Carreiro, as boas pr\u00e1ticas de manejo da terra s\u00e3o a melhor alternativa para recuperar o solo e evitar o desmatamento na Floresta Amaz\u00f4nica.<\/p>\n<p style=\"MARGIN: 0cm 0cm 0pt\">&#8220;Se tiver a op\u00e7\u00e3o de voltar a produzir com efici\u00eancia na sua regi\u00e3o, com certeza, o produtor vai diminuir a tend\u00eancia de avan\u00e7ar pela Regi\u00e3o Norte&#8221;, afirma Carreiro.<\/p>\n<p>A conserva\u00e7\u00e3o dos mananciais tamb\u00e9m \u00e9 um aspecto importante na preserva\u00e7\u00e3o do solo. Segundo Carreiro, os solos urbanos s\u00e3o os respons\u00e1veis pela contamina\u00e7\u00e3o das nascentes. &#8220;Os gestores p\u00fablicos municipais t\u00eam o compromisso de preservar o solo urbano. As prefeituras municipais t\u00eam que se preocupar no destino correto das \u00e1guas e tamb\u00e9m com as eros\u00f5es urbanas.&#8221;<\/p>\n<p>A integra\u00e7\u00e3o lavoura-pecu\u00e1ria-silvicultura, a recupera\u00e7\u00e3o de \u00e1reas que concentram as microbacias hidrogr\u00e1ficas, o plantio direta na palha e as produ\u00e7\u00f5es org\u00e2nica e integrada s\u00e3o algumas pr\u00e1ticas adotadas pelos produtores e incentivadas pelo minist\u00e9rio.<\/p>\n<p style=\"MARGIN: 0cm 0cm 12pt\">\n<p style=\"MARGIN: 0cm 0cm 12pt\">Agencia Brasil<\/p>\n<p style=\"MARGIN: 0cm 0cm 12pt\">\n","protected":false},"excerpt":{"rendered":"<p>A conserva\u00e7\u00e3o do solo e a recupera\u00e7\u00e3o de \u00e1reas degradados podem ser usadas para impedir o avan\u00e7o do desmatamento na Amaz\u00f4nia. &#8220;O que j\u00e1 h\u00e1 de \u00e1reas derrubadas e degradadas para recuperar \u00e9 mais do que suficiente para n\u00e3o precisar derrubar mais nenhuma \u00e1rvore&#8221;, afirmou hoje (14) o ministro da Agricultura, Reinhold Stephanes, ao participar [&hellip;]<\/p>\n","protected":false},"author":2,"featured_media":0,"comment_status":"open","ping_status":"open","sticky":false,"template":"","format":"standard","meta":{"_genesis_hide_title":false,"_genesis_hide_breadcrumbs":false,"_genesis_hide_singular_image":false,"_genesis_hide_footer_widgets":false,"_genesis_custom_body_class":"","_genesis_custom_post_class":"","_genesis_layout":"","_jetpack_memberships_contains_paid_content":false,"footnotes":""},"categories":[22],"tags":[],"class_list":{"0":"post-552","1":"post","2":"type-post","3":"status-publish","4":"format-standard","6":"category-brasil","7":"entry","8":"gs-1","9":"gs-odd","10":"gs-even","11":"gs-featured-content-entry"},"jetpack_featured_media_url":"","jetpack_sharing_enabled":true,"jetpack_likes_enabled":true,"_links":{"self":[{"href":"https:\/\/www.redenoticia.com.br\/noticia\/wp-json\/wp\/v2\/posts\/552","targetHints":{"allow":["GET"]}}],"collection":[{"href":"https:\/\/www.redenoticia.com.br\/noticia\/wp-json\/wp\/v2\/posts"}],"about":[{"href":"https:\/\/www.redenoticia.com.br\/noticia\/wp-json\/wp\/v2\/types\/post"}],"author":[{"embeddable":true,"href":"https:\/\/www.redenoticia.com.br\/noticia\/wp-json\/wp\/v2\/users\/2"}],"replies":[{"embeddable":true,"href":"https:\/\/www.redenoticia.com.br\/noticia\/wp-json\/wp\/v2\/comments?post=552"}],"version-history":[{"count":0,"href":"https:\/\/www.redenoticia.com.br\/noticia\/wp-json\/wp\/v2\/posts\/552\/revisions"}],"wp:attachment":[{"href":"https:\/\/www.redenoticia.com.br\/noticia\/wp-json\/wp\/v2\/media?parent=552"}],"wp:term":[{"taxonomy":"category","embeddable":true,"href":"https:\/\/www.redenoticia.com.br\/noticia\/wp-json\/wp\/v2\/categories?post=552"},{"taxonomy":"post_tag","embeddable":true,"href":"https:\/\/www.redenoticia.com.br\/noticia\/wp-json\/wp\/v2\/tags?post=552"}],"curies":[{"name":"wp","href":"https:\/\/api.w.org\/{rel}","templated":true}]}}