{"id":5422,"date":"2009-07-14T11:13:41","date_gmt":"2009-07-14T15:13:41","guid":{"rendered":"http:\/\/www.redenoticia.com.br\/noticia\/?p=5422"},"modified":"2009-07-27T02:08:47","modified_gmt":"2009-07-27T02:08:47","slug":"previsao-do-tempo-informa-que-el-nino-influenciara-a-agricultura-da-argentina-paraguai-e-uruguai","status":"publish","type":"post","link":"https:\/\/www.redenoticia.com.br\/noticia\/2009\/previsao-do-tempo-informa-que-el-nino-influenciara-a-agricultura-da-argentina-paraguai-e-uruguai\/5422","title":{"rendered":"Previs\u00e3o do Tempo informa que El Ni\u00f1o influenciar\u00e1 a agricultura da Argentina, Paraguai e Uruguai"},"content":{"rendered":"<p>As \u00e1guas do oceano Pac\u00edfico Equatorial j\u00e1 est\u00e3o em fase de aquecimento, o que indica um novo epis\u00f3dio de El Ni\u00f1o. O fen\u00f4meno deve influenciar o comportamento do clima no decorrer deste semestre e no in\u00edcio de 2010. Para os nossos vizinhos argentinos, paraguaios e uruguaios, a presen\u00e7a do El Ni\u00f1o est\u00e1 associada com chuva acima da m\u00e9dia, projetando um cen\u00e1rio clim\u00e1tico mais favor\u00e1vel para a pr\u00f3xima safra. &#8220;Em tese, o fen\u00f4meno aumenta as chances de boas chuvas na primavera, assim como reduz o risco de estiagem ao longo do ver\u00e3o, que foi o grande problema nas \u00faltimas safras&#8221;, afirma Paulo Etchichury, especialista em clima da Somar Meteorologia.<\/p>\n<p>Em especial para a Argentina, que foi o Pa\u00eds mais afetado por problemas clim\u00e1ticos, a expectativa \u00e9 de uma recupera\u00e7\u00e3o gradual no decorrer deste semestre. Inclusive, diferente dos anos anteriores, o inverno deste ano n\u00e3o deve ser t\u00e3o rigoroso e n\u00e3o h\u00e1 previs\u00e3o de frio tardio (geada). &#8220;Al\u00e9m disso, a primavera deve ser um pouco mais quente, o que deve refletir em condi\u00e7\u00f5es mais favor\u00e1veis para as fases finais das lavouras de inverno, para a recupera\u00e7\u00e3o das pastagens e para a implanta\u00e7\u00e3o das lavouras de ver\u00e3o (milho e soja)&#8221;, acrescenta o climatologista.<\/p>\n<p>J\u00e1 para o Uruguai, que j\u00e1 passa por um processo gradual de recupera\u00e7\u00e3o das reservas h\u00eddricas, fica o alerta em rela\u00e7\u00e3o \u00e0 lavoura de arroz. &#8220;Se por um lado poder\u00e1 se beneficiar com a maior oferta de \u00e1gua, por outro, pode enfrentar alguns problemas operacionais e de manejo&#8221;, conclui Etchichury.<\/p>\n","protected":false},"excerpt":{"rendered":"<p>As \u00e1guas do oceano Pac\u00edfico Equatorial j\u00e1 est\u00e3o em fase de aquecimento, o que indica um novo epis\u00f3dio de El Ni\u00f1o. O fen\u00f4meno deve influenciar o comportamento do clima no decorrer deste semestre e no in\u00edcio de 2010. Para os nossos vizinhos argentinos, paraguaios e uruguaios, a presen\u00e7a do El Ni\u00f1o est\u00e1 associada com chuva [&hellip;]<\/p>\n","protected":false},"author":3,"featured_media":0,"comment_status":"open","ping_status":"open","sticky":false,"template":"","format":"standard","meta":{"_genesis_hide_title":false,"_genesis_hide_breadcrumbs":false,"_genesis_hide_singular_image":false,"_genesis_hide_footer_widgets":false,"_genesis_custom_body_class":"","_genesis_custom_post_class":"","_genesis_layout":"","_jetpack_memberships_contains_paid_content":false,"footnotes":""},"categories":[22,327],"tags":[],"class_list":{"0":"post-5422","1":"post","2":"type-post","3":"status-publish","4":"format-standard","6":"category-brasil","7":"category-clima","8":"entry","9":"gs-1","10":"gs-odd","11":"gs-even","12":"gs-featured-content-entry"},"jetpack_featured_media_url":"","jetpack_sharing_enabled":true,"jetpack_likes_enabled":true,"_links":{"self":[{"href":"https:\/\/www.redenoticia.com.br\/noticia\/wp-json\/wp\/v2\/posts\/5422","targetHints":{"allow":["GET"]}}],"collection":[{"href":"https:\/\/www.redenoticia.com.br\/noticia\/wp-json\/wp\/v2\/posts"}],"about":[{"href":"https:\/\/www.redenoticia.com.br\/noticia\/wp-json\/wp\/v2\/types\/post"}],"author":[{"embeddable":true,"href":"https:\/\/www.redenoticia.com.br\/noticia\/wp-json\/wp\/v2\/users\/3"}],"replies":[{"embeddable":true,"href":"https:\/\/www.redenoticia.com.br\/noticia\/wp-json\/wp\/v2\/comments?post=5422"}],"version-history":[{"count":0,"href":"https:\/\/www.redenoticia.com.br\/noticia\/wp-json\/wp\/v2\/posts\/5422\/revisions"}],"wp:attachment":[{"href":"https:\/\/www.redenoticia.com.br\/noticia\/wp-json\/wp\/v2\/media?parent=5422"}],"wp:term":[{"taxonomy":"category","embeddable":true,"href":"https:\/\/www.redenoticia.com.br\/noticia\/wp-json\/wp\/v2\/categories?post=5422"},{"taxonomy":"post_tag","embeddable":true,"href":"https:\/\/www.redenoticia.com.br\/noticia\/wp-json\/wp\/v2\/tags?post=5422"}],"curies":[{"name":"wp","href":"https:\/\/api.w.org\/{rel}","templated":true}]}}