{"id":53528,"date":"2014-03-31T10:52:18","date_gmt":"2014-03-31T13:52:18","guid":{"rendered":"http:\/\/www.redenoticia.com.br\/noticia\/?p=53528"},"modified":"2014-03-31T10:52:18","modified_gmt":"2014-03-31T13:52:18","slug":"brasil-sedia-conferencia-sobre-comunicacao-publica-da-ciencia","status":"publish","type":"post","link":"https:\/\/www.redenoticia.com.br\/noticia\/2014\/brasil-sedia-conferencia-sobre-comunicacao-publica-da-ciencia\/53528","title":{"rendered":"Brasil sedia confer\u00eancia sobre comunica\u00e7\u00e3o p\u00fablica da ci\u00eancia"},"content":{"rendered":"<p>Ag\u00eancia FAPESP\u00a0\u2013A Rede Internacional de <em><strong>Comunica\u00e7\u00e3o P\u00fablica da Ci\u00eancia e da Tecnologia<\/strong><\/em> (PCST, na sigla em ingl\u00eas) realiza, pela primeira vez na Am\u00e9rica Latina, entre 5 e 8 de maio, sua confer\u00eancia internacional que tem, entre os objetivos principais, promover debates sobre o engajamento p\u00fablico em temas relacionados a ci\u00eancia e tecnologia.<\/p>\n<p>Formada por indiv\u00edduos de diversas partes do mundo que produzem e estudam na \u00e1rea de comunica\u00e7\u00e3o p\u00fablica de ci\u00eancia e tecnologia, a Rede PCST patrocina confer\u00eancias, discuss\u00f5es virtuais e outras atividades que promovam novas ideias e perspectivas.<\/p>\n<p>A edi\u00e7\u00e3o deste ano ter\u00e1 como tema central \u201cDivulga\u00e7\u00e3o da Ci\u00eancia para a inclus\u00e3o social e o engajamento pol\u00edtico\u201d. A ideia \u00e9 mostrar que, mesmo com\u00a0investimento em ci\u00eancia e tecnologia, a maior parte do mundo ainda enfrenta a exclus\u00e3o social e o desenvolvimento desigual, separando cada vez mais os pa\u00edses ricos dos pobres. O papel da difus\u00e3o cient\u00edfica \u00e9 criar possibilidades de a\u00e7\u00e3o dos cidad\u00e3os que permitam reduzir essa diferen\u00e7a.<\/p>\n<p>Na plen\u00e1ria \u201cComunica\u00e7\u00e3o da ci\u00eancia e m\u00eddia social\u201d, os participantes poder\u00e3o conferir as palestras de Dominique Brossard, da Universidade de Wisconsin, dos Estados Unidos, e membro do comit\u00ea cient\u00edfico da Rede PCST, e de Mohammed Yahia, editor da\u00a0Nature Middle East, do Egito.<\/p>\n<p>Al\u00e9m da Rede Internacional do PCST, o evento \u00e9 promovido pelo Museu da Vida, da Funda\u00e7\u00e3o Oswaldo Cruz (Fiocruz), e pelo Laborat\u00f3rio de Estudos Avan\u00e7ados em Jornalismo (Labjor), da Universidade Estadual de Campinas (Unicamp).<\/p>\n<p>As inscri\u00e7\u00f5es com desconto na taxa podem ser realizadas at\u00e9 7 de abril. As atividades ocorrer\u00e3o no Hotel Pestana Bahia, que fica na Rua Fonte do Boi, 216, em Salvador.<\/p>\n<p>Mais informa\u00e7\u00f5es\u00a0<\/p>\n","protected":false},"excerpt":{"rendered":"<p>Ag\u00eancia FAPESP\u00a0\u2013A Rede Internacional de Comunica\u00e7\u00e3o P\u00fablica da Ci\u00eancia e da Tecnologia (PCST, na sigla em ingl\u00eas) realiza, pela primeira vez na Am\u00e9rica Latina, entre 5 e 8 de maio, sua confer\u00eancia internacional que tem, entre os objetivos principais, promover debates sobre o engajamento p\u00fablico em temas relacionados a ci\u00eancia e tecnologia. Formada por indiv\u00edduos [&hellip;]<\/p>\n","protected":false},"author":2,"featured_media":37419,"comment_status":"open","ping_status":"closed","sticky":false,"template":"","format":"standard","meta":{"_genesis_hide_title":false,"_genesis_hide_breadcrumbs":false,"_genesis_hide_singular_image":false,"_genesis_hide_footer_widgets":false,"_genesis_custom_body_class":"","_genesis_custom_post_class":"","_genesis_layout":"","_jetpack_memberships_contains_paid_content":false,"footnotes":""},"categories":[22,351,370],"tags":[],"class_list":{"0":"post-53528","1":"post","2":"type-post","3":"status-publish","4":"format-standard","5":"has-post-thumbnail","7":"category-brasil","8":"category-cursos","9":"category-inscricao","10":"entry","11":"gs-1","12":"gs-odd","13":"gs-even","14":"gs-featured-content-entry"},"jetpack_featured_media_url":"https:\/\/www.redenoticia.com.br\/noticia\/imagens\/computador-tecnologia.jpg","jetpack_sharing_enabled":true,"jetpack_likes_enabled":true,"_links":{"self":[{"href":"https:\/\/www.redenoticia.com.br\/noticia\/wp-json\/wp\/v2\/posts\/53528","targetHints":{"allow":["GET"]}}],"collection":[{"href":"https:\/\/www.redenoticia.com.br\/noticia\/wp-json\/wp\/v2\/posts"}],"about":[{"href":"https:\/\/www.redenoticia.com.br\/noticia\/wp-json\/wp\/v2\/types\/post"}],"author":[{"embeddable":true,"href":"https:\/\/www.redenoticia.com.br\/noticia\/wp-json\/wp\/v2\/users\/2"}],"replies":[{"embeddable":true,"href":"https:\/\/www.redenoticia.com.br\/noticia\/wp-json\/wp\/v2\/comments?post=53528"}],"version-history":[{"count":0,"href":"https:\/\/www.redenoticia.com.br\/noticia\/wp-json\/wp\/v2\/posts\/53528\/revisions"}],"wp:featuredmedia":[{"embeddable":true,"href":"https:\/\/www.redenoticia.com.br\/noticia\/wp-json\/wp\/v2\/media\/37419"}],"wp:attachment":[{"href":"https:\/\/www.redenoticia.com.br\/noticia\/wp-json\/wp\/v2\/media?parent=53528"}],"wp:term":[{"taxonomy":"category","embeddable":true,"href":"https:\/\/www.redenoticia.com.br\/noticia\/wp-json\/wp\/v2\/categories?post=53528"},{"taxonomy":"post_tag","embeddable":true,"href":"https:\/\/www.redenoticia.com.br\/noticia\/wp-json\/wp\/v2\/tags?post=53528"}],"curies":[{"name":"wp","href":"https:\/\/api.w.org\/{rel}","templated":true}]}}