{"id":532,"date":"2009-04-15T11:12:13","date_gmt":"2009-04-15T15:12:13","guid":{"rendered":"http:\/\/www.redenoticia.com.br\/noticia\/2009\/04\/bolsa-atleta\/"},"modified":"2009-04-18T17:36:30","modified_gmt":"2009-04-18T21:36:30","slug":"bolsa-atleta","status":"publish","type":"post","link":"https:\/\/www.redenoticia.com.br\/noticia\/2009\/bolsa-atleta\/532","title":{"rendered":"Bolsa-Atleta?"},"content":{"rendered":"<p style=\"MARGIN: 0cm 0cm 0pt\">\n<p style=\"MARGIN: 0cm 0cm 0pt\">\nAtletismo, nata\u00e7\u00e3o e jud\u00f4 foram os esportes que mais receberam pedidos de inscri\u00e7\u00f5es neste ano para o Programa Bolsa-Atleta, encerradas no \u00faltimo dia 31 de mar\u00e7o. Foram, respectivamente, 738, 432 e 323 solicita\u00e7\u00f5es. No total, o minist\u00e9rio recebeu mais de 7.400 inscri\u00e7\u00f5es de atletas em 120 modalidades esportivas, divididas em quatro categorias: Estudantil, Nacional, Internacional e Ol\u00edmpica\/Paraol\u00edmpica.<\/p>\n<p>O programa \u00e9 voltado para atletas de alto rendimento que n\u00e3o possuem patroc\u00ednio. O benef\u00edcio \u00e9 uma ajuda financeira mensal no per\u00edodo de um ano no valor de R$ 300 (categoria Estudantil), R$ 750 (categoria Nacional), R$ 1.500 (categoria Internacional) e R$ 2.500 (categoria Ol\u00edmpica e Paraol\u00edmpica). Na Ol\u00edmpica\/Paraol\u00edmpica atende o ciclo ol\u00edmpico por quatro anos. Todos os atletas que compuseram a delega\u00e7\u00e3o brasileira das Olimp\u00edadas e Paraolimp\u00edadas de Pequim 2008, que n\u00e3o possuem patroc\u00ednio, estavam aptos a solicitar a bolsa.<\/p>\n<p>O Bolsa-Atleta n\u00e3o \u00e9 exclusivo das modalidades mais populares no Brasil. O programa recebeu pedidos de atletas do skate, snowboard, squash, corrida de rua, bicicross, balonismo, maratona aqu\u00e1tica, para-quedismo, pentatlo moderno, h\u00f3quei na grama, futebol de 5 (para deficientes visuais), bocha, badminton, orienta\u00e7\u00e3o, jud\u00f4 de cegos, beisebol e softball, entre outros.<\/p>\n<p>No boliche, esporte Pan-americano, uma das maiores atletas que representa o Brasil nas competi\u00e7\u00f5es internacionais, Jacqueline Costa, 45 anos, entregou a documenta\u00e7\u00e3o para receber o auxilio em 2009\/10. Bolsista desde 2005, a bolicheira salienta que o programa tem papel de contribuir com os esportes que n\u00e3o possuem muita visibilidade. &#8220;Esporte como o boliche, em que as empresas privadas n\u00e3o investem, fica dif\u00edcil manter os treinamentos&#8221;, explica.<\/p>\n<p>Jacqueline, que j\u00e1 conquistou tr\u00eas vezes o Pr\u00eamio Brasil Ol\u00edmpico, entrou com o pedido na categoria Internacional (R$ 1.500). A atleta foi \u00e0 primeira colocada na dupla (junto com a bolicheira Marizete Scheer) e no terceto, no campeonato Sul-americano de Boliche. &#8220;A bolsa ajuda nos treinamentos e na compra dos equipamentos, para que n\u00f3s atletas n\u00e3o tenhamos de tirar o dinheiro do pr\u00f3prio bolso&#8221;, esclarece.<\/p>\n<p>Em 2008, o Minist\u00e9rio do Esporte atendeu 3.313 atletas. Pela primeira vez, o benef\u00edcio foi concedido a todos os esportistas que estavam aptos a receb\u00ea-lo. Os atletas que se inscreveram em 2009 ser\u00e3o avaliados pelos t\u00e9cnicos do programa para que seja conferida toda a documenta\u00e7\u00e3o exigida pelo Bolsa-Atleta.<\/p>\n<p><strong>Pr\u00e9-requisitos para a Bolsa<\/strong><br \/>\nPara a inscri\u00e7\u00e3o na Categoria Estudantil, \u00e9 exigido ter 12 anos completos, estar matriculado em institui\u00e7\u00e3o de ensino p\u00fablico ou privado, ter alcan\u00e7ado o 1\u00ba, 2\u00ba ou 3\u00ba lugar nas Olimp\u00edadas Escolares ou nas Olimp\u00edadas Universit\u00e1rias (jogos organizados pelo Minist\u00e9rio do Esporte com a parceria do COB) em esportes individuais ou estar entre os 24 melhores atletas selecionados nos esportes coletivos durante o ano de 2008. O mesmo se aplica aos tr\u00eas primeiros classificados nos campeonatos Paraol\u00edmpico Escolar e Paraol\u00edmpico Universit\u00e1rio brasileiro.<\/p>\n<p>Para concorrer ao benef\u00edcio na Categoria Nacional, \u00e9 necess\u00e1rio ter 14 anos completos, estar vinculado a uma entidade de pr\u00e1tica desportiva (clube), ter filia\u00e7\u00e3o \u00e0 Entidade de Administra\u00e7\u00e3o de sua modalidade, tanto Estadual (Federa\u00e7\u00e3o) como Nacional (Confedera\u00e7\u00e3o), ter participado de competi\u00e7\u00e3o em 2008 tendo obtido a seguinte classifica\u00e7\u00e3o: de 1\u00ba a 3\u00ba lugar no evento m\u00e1ximo nacional organizado pela Entidade Nacional de Administra\u00e7\u00e3o de sua modalidade, ou de 1\u00ba a 3\u00ba lugar no ranking nacional por ela organizado.<\/p>\n<p>A inscri\u00e7\u00e3o na Categoria Internacional \u00e9 permitida para quem tem 14 anos completos, est\u00e1 vinculado a uma entidade de pr\u00e1tica desportiva (clube), tem filia\u00e7\u00e3o \u00e0 Entidade de Administra\u00e7\u00e3o de sua modalidade, tanto Estadual (Federa\u00e7\u00e3o) como Nacional (Confedera\u00e7\u00e3o), tenha participado de competi\u00e7\u00e3o em 2007 tendo obtido a seguinte classifica\u00e7\u00e3o: de 1\u00ba a 3\u00ba lugar em Campeonatos Mundiais de sua modalidade; Jogos ou Campeonatos Pan-americanos e Parapan-americanos, ou Jogos ou Campeonatos Sul-americanos.<\/p>\n<p>J\u00e1 para a inscri\u00e7\u00e3o na Categoria Ol\u00edmpica e Paraol\u00edmpica, \u00e9 necess\u00e1rio ter 14 anos completos, estar vinculado a uma entidade de pr\u00e1tica desportiva (clube), ter filia\u00e7\u00e3o \u00e0 Entidade de Administra\u00e7\u00e3o de sua modalidade, tanto em n\u00edvel Estadual (Federa\u00e7\u00e3o) como Nacional (Confedera\u00e7\u00e3o), ter integrado na qualidade de atleta a delega\u00e7\u00e3o brasileira na \u00faltima edi\u00e7\u00e3o dos Jogos Ol\u00edmpicos ou Paraol\u00edmpicos.<\/p>\n<p><em>Breno Barros e Clara Mousinho<\/em><br \/>\nAscom &#8211; Minist\u00e9rio do Esporte<\/p>\n<p style=\"MARGIN: 0cm 0cm 0pt\">\n<p style=\"MARGIN: 0cm 0cm 0pt\">\n","protected":false},"excerpt":{"rendered":"<p>Atletismo, nata\u00e7\u00e3o e jud\u00f4 foram os esportes que mais receberam pedidos de inscri\u00e7\u00f5es neste ano para o Programa Bolsa-Atleta, encerradas no \u00faltimo dia 31 de mar\u00e7o. Foram, respectivamente, 738, 432 e 323 solicita\u00e7\u00f5es. No total, o minist\u00e9rio recebeu mais de 7.400 inscri\u00e7\u00f5es de atletas em 120 modalidades esportivas, divididas em quatro categorias: Estudantil, Nacional, Internacional [&hellip;]<\/p>\n","protected":false},"author":2,"featured_media":0,"comment_status":"open","ping_status":"open","sticky":false,"template":"","format":"standard","meta":{"_genesis_hide_title":false,"_genesis_hide_breadcrumbs":false,"_genesis_hide_singular_image":false,"_genesis_hide_footer_widgets":false,"_genesis_custom_body_class":"","_genesis_custom_post_class":"","_genesis_layout":"","_jetpack_memberships_contains_paid_content":false,"footnotes":""},"categories":[22],"tags":[],"class_list":{"0":"post-532","1":"post","2":"type-post","3":"status-publish","4":"format-standard","6":"category-brasil","7":"entry","8":"gs-1","9":"gs-odd","10":"gs-even","11":"gs-featured-content-entry"},"jetpack_featured_media_url":"","jetpack_sharing_enabled":true,"jetpack_likes_enabled":true,"_links":{"self":[{"href":"https:\/\/www.redenoticia.com.br\/noticia\/wp-json\/wp\/v2\/posts\/532","targetHints":{"allow":["GET"]}}],"collection":[{"href":"https:\/\/www.redenoticia.com.br\/noticia\/wp-json\/wp\/v2\/posts"}],"about":[{"href":"https:\/\/www.redenoticia.com.br\/noticia\/wp-json\/wp\/v2\/types\/post"}],"author":[{"embeddable":true,"href":"https:\/\/www.redenoticia.com.br\/noticia\/wp-json\/wp\/v2\/users\/2"}],"replies":[{"embeddable":true,"href":"https:\/\/www.redenoticia.com.br\/noticia\/wp-json\/wp\/v2\/comments?post=532"}],"version-history":[{"count":0,"href":"https:\/\/www.redenoticia.com.br\/noticia\/wp-json\/wp\/v2\/posts\/532\/revisions"}],"wp:attachment":[{"href":"https:\/\/www.redenoticia.com.br\/noticia\/wp-json\/wp\/v2\/media?parent=532"}],"wp:term":[{"taxonomy":"category","embeddable":true,"href":"https:\/\/www.redenoticia.com.br\/noticia\/wp-json\/wp\/v2\/categories?post=532"},{"taxonomy":"post_tag","embeddable":true,"href":"https:\/\/www.redenoticia.com.br\/noticia\/wp-json\/wp\/v2\/tags?post=532"}],"curies":[{"name":"wp","href":"https:\/\/api.w.org\/{rel}","templated":true}]}}