{"id":5108,"date":"2009-07-10T18:33:39","date_gmt":"2009-07-10T22:33:39","guid":{"rendered":"http:\/\/www.redenoticia.com.br\/noticia\/?p=5108"},"modified":"2009-07-10T18:33:39","modified_gmt":"2009-07-10T22:33:39","slug":"enem-tera-prova-em-horario-especial-para-sabatistas","status":"publish","type":"post","link":"https:\/\/www.redenoticia.com.br\/noticia\/2009\/enem-tera-prova-em-horario-especial-para-sabatistas\/5108","title":{"rendered":"ENEM ter\u00e1 prova em hor\u00e1rio especial para sabatistas"},"content":{"rendered":"<p style=\"margin: 0cm 0cm 0.0001pt;\"><span style=\"font-size: 11pt; font-family: Arial;\"><br \/>\n<\/span><\/p>\n<p style=\"margin: 0cm 0cm 0.0001pt;\"><span style=\"font-size: 11pt; font-family: Arial;\"> <\/span><\/p>\n<p style=\"margin: 0cm 0cm 0.0001pt;\"><span style=\"font-size: 11pt; font-family: Arial;\">Em 2009, os inscritos no novo Enem realizar\u00e3o a prova em dois dias: <strong><span style=\"font-family: Arial;\">3<\/span><\/strong> e <strong><span style=\"font-family: Arial;\">4 de outubro<\/span><\/strong>, s\u00e1bado e domingo, a partir das 13h (hor\u00e1rio de Bras\u00edlia). Ainda assim, os participantes cujas religi\u00f5es guardam o s\u00e1bado n\u00e3o precisam se preocupar \u2013 nesses casos, os inscritos dever\u00e3o comparecer aos locais de prova junto com os demais, mas poder\u00e3o aguardar em local pr\u00f3prio e s\u00f3 come\u00e7ar a responder aos cadernos de quest\u00f5es ap\u00f3s o p\u00f4r do sol.<\/span><\/p>\n<p style=\"margin: 0cm 0cm 0.0001pt;\"><span style=\"font-size: 11pt; font-family: Arial;\"><br \/>\nPara um melhor atendimento e operacionaliza\u00e7\u00e3o do processo, pede-se que os guardadores de s\u00e1bado informem sua condi\u00e7\u00e3o no sistema de inscri\u00e7\u00f5es do Enem 2009. Ao preencher a ficha eletr\u00f4nica, basta que o participante declare que necessita de atendimento especial. Os sabatistas que j\u00e1 se inscreveram e n\u00e3o prestaram essa informa\u00e7\u00e3o podem faz\u00ea-lo no sistema de acompanhamento at\u00e9 o dia 17 de julho, final das inscri\u00e7\u00f5es.<\/span><\/p>\n<p style=\"margin: 0cm 0cm 0.0001pt;\"><span style=\"font-size: 11pt; font-family: Arial;\"><br \/>\nOs port\u00f5es ser\u00e3o abertos \u00e0s 12h e fechados \u00e0s 12h55, no hor\u00e1rio de Bras\u00edlia, para todos os inscritos. Apesar de come\u00e7arem a responder as provas em hor\u00e1rio diferenciado, os participantes sabatistas tamb\u00e9m ter\u00e3o 4h30 para responder ao caderno da Prova I, com quest\u00f5es das \u00e1reas de ci\u00eancias da natureza e suas tecnologias e ci\u00eancias humanas e suas tecnologias.<\/span><\/p>\n<p style=\"margin: 0cm 0cm 0.0001pt;\"><span style=\"font-size: 11pt; font-family: Arial;\"><br \/>\nAs inscri\u00e7\u00f5es para o Enem 2009 ficam abertas at\u00e9 o dia 17 de julho, somente pela internet, na <a href=\"http:\/\/sistemasenem2.inep.gov.br\/Enem2009\/\" target=\"_self\"><span style=\"color: windowtext;\">p\u00e1gina<\/span><\/a> eletr\u00f4nica do exame.<\/p>\n<p>Assessoria de Imprensa do Inep<\/span><\/p>\n","protected":false},"excerpt":{"rendered":"<p>Em 2009, os inscritos no novo Enem realizar\u00e3o a prova em dois dias: 3 e 4 de outubro, s\u00e1bado e domingo, a partir das 13h (hor\u00e1rio de Bras\u00edlia). Ainda assim, os participantes cujas religi\u00f5es guardam o s\u00e1bado n\u00e3o precisam se preocupar \u2013 nesses casos, os inscritos dever\u00e3o comparecer aos locais de prova junto com os [&hellip;]<\/p>\n","protected":false},"author":3,"featured_media":0,"comment_status":"open","ping_status":"open","sticky":false,"template":"","format":"standard","meta":{"_genesis_hide_title":false,"_genesis_hide_breadcrumbs":false,"_genesis_hide_singular_image":false,"_genesis_hide_footer_widgets":false,"_genesis_custom_body_class":"","_genesis_custom_post_class":"","_genesis_layout":"","_jetpack_memberships_contains_paid_content":false,"footnotes":""},"categories":[22],"tags":[],"class_list":{"0":"post-5108","1":"post","2":"type-post","3":"status-publish","4":"format-standard","6":"category-brasil","7":"entry","8":"gs-1","9":"gs-odd","10":"gs-even","11":"gs-featured-content-entry"},"jetpack_featured_media_url":"","jetpack_sharing_enabled":true,"jetpack_likes_enabled":true,"_links":{"self":[{"href":"https:\/\/www.redenoticia.com.br\/noticia\/wp-json\/wp\/v2\/posts\/5108","targetHints":{"allow":["GET"]}}],"collection":[{"href":"https:\/\/www.redenoticia.com.br\/noticia\/wp-json\/wp\/v2\/posts"}],"about":[{"href":"https:\/\/www.redenoticia.com.br\/noticia\/wp-json\/wp\/v2\/types\/post"}],"author":[{"embeddable":true,"href":"https:\/\/www.redenoticia.com.br\/noticia\/wp-json\/wp\/v2\/users\/3"}],"replies":[{"embeddable":true,"href":"https:\/\/www.redenoticia.com.br\/noticia\/wp-json\/wp\/v2\/comments?post=5108"}],"version-history":[{"count":0,"href":"https:\/\/www.redenoticia.com.br\/noticia\/wp-json\/wp\/v2\/posts\/5108\/revisions"}],"wp:attachment":[{"href":"https:\/\/www.redenoticia.com.br\/noticia\/wp-json\/wp\/v2\/media?parent=5108"}],"wp:term":[{"taxonomy":"category","embeddable":true,"href":"https:\/\/www.redenoticia.com.br\/noticia\/wp-json\/wp\/v2\/categories?post=5108"},{"taxonomy":"post_tag","embeddable":true,"href":"https:\/\/www.redenoticia.com.br\/noticia\/wp-json\/wp\/v2\/tags?post=5108"}],"curies":[{"name":"wp","href":"https:\/\/api.w.org\/{rel}","templated":true}]}}