{"id":5087,"date":"2009-07-10T17:42:59","date_gmt":"2009-07-10T21:42:59","guid":{"rendered":"http:\/\/www.redenoticia.com.br\/noticia\/?p=5087"},"modified":"2009-08-05T00:34:58","modified_gmt":"2009-08-05T04:34:58","slug":"em-a-fazenda-aconteceu-mais-uma-farra-entre-carlinhos-e-mirella","status":"publish","type":"post","link":"https:\/\/www.redenoticia.com.br\/noticia\/2009\/em-a-fazenda-aconteceu-mais-uma-farra-entre-carlinhos-e-mirella\/5087","title":{"rendered":"Em A Fazenda aconteceu mais uma farra entre Carlinhos e Mirella"},"content":{"rendered":"<p style=\"margin: 0cm 7.5pt 0.0001pt 1.5pt; line-height: normal;\"><span style=\"font-size: 11pt; font-family: Arial;\">O assunto entre Carlinhos, Mirella e Fabi era silicone. Em A Fazenda, o humorista disse para Mirella, &#8220;Seu peito \u00e9 torto, voc\u00ea precisa fazer outra cirurgia&#8221;. &#8220;Ah, t\u00e1!&#8221;, retrucou a loira.<\/span><\/p>\n<p style=\"margin: 0cm 7.5pt 0.0001pt 1.5pt; line-height: normal;\"><span style=\"font-size: 11pt; font-family: Arial;\"><br \/>\n<\/span><\/p>\n<p style=\"margin: 0cm 7.5pt 0.0001pt 1.5pt; line-height: normal;\"><span style=\"font-size: 11pt; font-family: Arial;\">Como sempre, a dupla Mirella e Carlinhos garantiu mais risadas para a galera e, dessa vez, quem estava por perto era Fabi. Esses dois brigam igual a c\u00e3o e gato, mas n\u00e3o se desgrudam. A loira n\u00e3o se cansa de espremer espinhas do humorista que sempre grita de dor. Na Fazenda, deitado na cama, no colo de Mirella, Mendigo disse, &#8220;Mi, faz a minha unha?&#8221;. Sem pensar muito ela disse, &#8220;Fa\u00e7o, mas fica quieto&#8221;.<\/span><\/p>\n<p style=\"margin: 0cm 7.5pt 0.0001pt 1.5pt; line-height: normal;\"><span style=\"font-size: 11pt; font-family: Arial;\"><br \/>\n<\/span><\/p>\n<p style=\"margin: 0cm 7.5pt 0.0001pt 1.5pt; line-height: normal;\"><span style=\"font-size: 11pt; font-family: Arial;\">Com a bagun\u00e7a de Mirella e Carlinhos, Pedro, que estava no quarto dormindo, acordou nervoso e disse, &#8220;D\u00e1 pra voc\u00eas dois pararem de baixaria?&#8221;. Mirella e Mendigo levaram na brincadeira e come\u00e7aram a brincar com o cantor que resolveu cair na bagun\u00e7a tamb\u00e9m. A dan\u00e7arina correu e pulou na cama de Pedro. A bagun\u00e7a rolou solta.<\/span><\/p>\n<p style=\"margin: 0cm 7.5pt 0.0001pt 1.5pt; line-height: normal;\"><span style=\"font-size: 11pt; font-family: Arial;\"><br \/>\n<\/span><\/p>\n<p style=\"margin: 0cm 7.5pt 0.0001pt 1.5pt; line-height: normal;\"><span style=\"font-size: 11pt; font-family: Arial;\">Em cinco semanas do programa A Fazenda, a fazendeira Danielle \u00e9 uma das mais disciplinadas. Al\u00e9m de acordar cedo e acompanhar seus &#8220;funcion\u00e1rios&#8221;, a beldade tamb\u00e9m ajuda nas tarefas.<\/span><\/p>\n<p style=\"margin: 0cm 7.5pt 0.0001pt 1.5pt; line-height: normal;\"><span style=\"font-size: 11pt; font-family: Arial;\"><br \/>\n<\/span><\/p>\n<p style=\"margin: 0cm 7.5pt 0.0001pt 1.5pt; line-height: normal;\"><span style=\"font-size: 11pt; font-family: Arial;\">Onde houver algu\u00e9m precisando de ajuda, l\u00e1 est\u00e1 ela. Para Samambaia, a fazenda est\u00e1 em primeiro lugar, e tudo precisa estar em perfeito estado para o pr\u00f3ximo administrador escolhido.<\/span><\/p>\n<p style=\"line-height: normal;\"><strong><span style=\"font-size: 11pt; font-family: Arial;\">Reda\u00e7\u00e3o &#8211; A Fazenda<\/span><\/strong><\/p>\n<p style=\"margin: 0cm 7.5pt 0.0001pt 1.5pt; line-height: normal;\"><span style=\"font-size: 11pt; font-family: Arial;\">TV Record <\/span><\/p>\n","protected":false},"excerpt":{"rendered":"<p>O assunto entre Carlinhos, Mirella e Fabi era silicone. Em A Fazenda, o humorista disse para Mirella, &#8220;Seu peito \u00e9 torto, voc\u00ea precisa fazer outra cirurgia&#8221;. &#8220;Ah, t\u00e1!&#8221;, retrucou a loira. Como sempre, a dupla Mirella e Carlinhos garantiu mais risadas para a galera e, dessa vez, quem estava por perto era Fabi. Esses dois [&hellip;]<\/p>\n","protected":false},"author":3,"featured_media":0,"comment_status":"open","ping_status":"open","sticky":false,"template":"","format":"standard","meta":{"_genesis_hide_title":false,"_genesis_hide_breadcrumbs":false,"_genesis_hide_singular_image":false,"_genesis_hide_footer_widgets":false,"_genesis_custom_body_class":"","_genesis_custom_post_class":"","_genesis_layout":"","_jetpack_memberships_contains_paid_content":false,"footnotes":""},"categories":[22,343],"tags":[],"class_list":{"0":"post-5087","1":"post","2":"type-post","3":"status-publish","4":"format-standard","6":"category-brasil","7":"category-televisao","8":"entry","9":"gs-1","10":"gs-odd","11":"gs-even","12":"gs-featured-content-entry"},"jetpack_featured_media_url":"","jetpack_sharing_enabled":true,"jetpack_likes_enabled":true,"_links":{"self":[{"href":"https:\/\/www.redenoticia.com.br\/noticia\/wp-json\/wp\/v2\/posts\/5087","targetHints":{"allow":["GET"]}}],"collection":[{"href":"https:\/\/www.redenoticia.com.br\/noticia\/wp-json\/wp\/v2\/posts"}],"about":[{"href":"https:\/\/www.redenoticia.com.br\/noticia\/wp-json\/wp\/v2\/types\/post"}],"author":[{"embeddable":true,"href":"https:\/\/www.redenoticia.com.br\/noticia\/wp-json\/wp\/v2\/users\/3"}],"replies":[{"embeddable":true,"href":"https:\/\/www.redenoticia.com.br\/noticia\/wp-json\/wp\/v2\/comments?post=5087"}],"version-history":[{"count":0,"href":"https:\/\/www.redenoticia.com.br\/noticia\/wp-json\/wp\/v2\/posts\/5087\/revisions"}],"wp:attachment":[{"href":"https:\/\/www.redenoticia.com.br\/noticia\/wp-json\/wp\/v2\/media?parent=5087"}],"wp:term":[{"taxonomy":"category","embeddable":true,"href":"https:\/\/www.redenoticia.com.br\/noticia\/wp-json\/wp\/v2\/categories?post=5087"},{"taxonomy":"post_tag","embeddable":true,"href":"https:\/\/www.redenoticia.com.br\/noticia\/wp-json\/wp\/v2\/tags?post=5087"}],"curies":[{"name":"wp","href":"https:\/\/api.w.org\/{rel}","templated":true}]}}